{"id":1865,"date":"2024-07-25T10:03:24","date_gmt":"2024-07-25T15:03:24","guid":{"rendered":"https:\/\/diegolopezpalomo.com\/?p=1865"},"modified":"2024-07-25T10:24:40","modified_gmt":"2024-07-25T15:24:40","slug":"gran-gira-provincial-por-la-convivencia-escolar","status":"publish","type":"post","link":"https:\/\/diegolopezpalomo.com\/index.php\/2024\/07\/25\/gran-gira-provincial-por-la-convivencia-escolar\/","title":{"rendered":"Gran Gira Provincial por la Convivencia Escolar"},"content":{"rendered":"\n<p>Hoy somos sede de la Gran Gira Provincial por la Convivencia Escolar, organizada por la Gobernaci\u00f3n de Cundinamarca, que re\u00fane a todos los rectores y directivos de las diferentes instituciones educativas de la regi\u00f3n \ud83d\udcda\ud83d\udc69\u200d\ud83c\udfeb\ud83d\udc68\u200d\ud83c\udfeb. Este evento es una oportunidad \u00fanica para compartir experiencias, fortalecer la colaboraci\u00f3n entre las escuelas y promover un ambiente escolar m\u00e1s seguro y armonioso \ud83e\udd1d\ud83c\udf1f. Gracias a la gesti\u00f3n realizada por el Secretario de Desarrollo Social, Mauricio Caicedo, y nuestro Alcalde, Diego L\u00f3pez, estamos comprometidos con la educaci\u00f3n y el bienestar de nuestros estudiantes, trabajando juntos por un futuro mejor para nuestra comunidad.<\/p>\n\n\n\n<figure class=\"wp-block-gallery has-nested-images columns-default is-cropped wp-block-gallery-1 is-layout-flex wp-block-gallery-is-layout-flex\">\n<figure class=\"wp-block-image size-large\"><img loading=\"lazy\" decoding=\"async\" width=\"1024\" height=\"683\" data-id=\"1878\" src=\"https:\/\/diegolopezpalomo.com\/wp-content\/uploads\/2024\/07\/WhatsApp-Image-2024-07-25-at-8.44.17-AM-1-1024x683.jpeg\" alt=\"\" class=\"wp-image-1878\" srcset=\"https:\/\/diegolopezpalomo.com\/wp-content\/uploads\/2024\/07\/WhatsApp-Image-2024-07-25-at-8.44.17-AM-1-1024x683.jpeg 1024w, https:\/\/diegolopezpalomo.com\/wp-content\/uploads\/2024\/07\/WhatsApp-Image-2024-07-25-at-8.44.17-AM-1-300x200.jpeg 300w, https:\/\/diegolopezpalomo.com\/wp-content\/uploads\/2024\/07\/WhatsApp-Image-2024-07-25-at-8.44.17-AM-1-768x512.jpeg 768w, https:\/\/diegolopezpalomo.com\/wp-content\/uploads\/2024\/07\/WhatsApp-Image-2024-07-25-at-8.44.17-AM-1-1536x1024.jpeg 1536w, https:\/\/diegolopezpalomo.com\/wp-content\/uploads\/2024\/07\/WhatsApp-Image-2024-07-25-at-8.44.17-AM-1-2048x1366.jpeg 2048w, https:\/\/diegolopezpalomo.com\/wp-content\/uploads\/2024\/07\/WhatsApp-Image-2024-07-25-at-8.44.17-AM-1-600x400.jpeg 600w, https:\/\/diegolopezpalomo.com\/wp-content\/uploads\/2024\/07\/WhatsApp-Image-2024-07-25-at-8.44.17-AM-1-945x630.jpeg 945w\" sizes=\"auto, (max-width: 1024px) 100vw, 1024px\" \/><\/figure>\n\n\n\n<figure class=\"wp-block-image size-large\"><img loading=\"lazy\" decoding=\"async\" width=\"1024\" height=\"683\" data-id=\"1877\" src=\"https:\/\/diegolopezpalomo.com\/wp-content\/uploads\/2024\/07\/WhatsApp-Image-2024-07-25-at-8.44.16-AM-2-2-1024x683.jpeg\" alt=\"\" class=\"wp-image-1877\" srcset=\"https:\/\/diegolopezpalomo.com\/wp-content\/uploads\/2024\/07\/WhatsApp-Image-2024-07-25-at-8.44.16-AM-2-2-1024x683.jpeg 1024w, https:\/\/diegolopezpalomo.com\/wp-content\/uploads\/2024\/07\/WhatsApp-Image-2024-07-25-at-8.44.16-AM-2-2-300x200.jpeg 300w, https:\/\/diegolopezpalomo.com\/wp-content\/uploads\/2024\/07\/WhatsApp-Image-2024-07-25-at-8.44.16-AM-2-2-768x512.jpeg 768w, https:\/\/diegolopezpalomo.com\/wp-content\/uploads\/2024\/07\/WhatsApp-Image-2024-07-25-at-8.44.16-AM-2-2-1536x1024.jpeg 1536w, https:\/\/diegolopezpalomo.com\/wp-content\/uploads\/2024\/07\/WhatsApp-Image-2024-07-25-at-8.44.16-AM-2-2-2048x1366.jpeg 2048w, https:\/\/diegolopezpalomo.com\/wp-content\/uploads\/2024\/07\/WhatsApp-Image-2024-07-25-at-8.44.16-AM-2-2-600x400.jpeg 600w, https:\/\/diegolopezpalomo.com\/wp-content\/uploads\/2024\/07\/WhatsApp-Image-2024-07-25-at-8.44.16-AM-2-2-945x630.jpeg 945w\" sizes=\"auto, (max-width: 1024px) 100vw, 1024px\" \/><\/figure>\n\n\n\n<figure class=\"wp-block-image size-large\"><img loading=\"lazy\" decoding=\"async\" width=\"1024\" height=\"659\" data-id=\"1876\" src=\"https:\/\/diegolopezpalomo.com\/wp-content\/uploads\/2024\/07\/WhatsApp-Image-2024-07-25-at-8.44.16-AM-1-4-1024x659.jpeg\" alt=\"\" class=\"wp-image-1876\" srcset=\"https:\/\/diegolopezpalomo.com\/wp-content\/uploads\/2024\/07\/WhatsApp-Image-2024-07-25-at-8.44.16-AM-1-4-1024x659.jpeg 1024w, https:\/\/diegolopezpalomo.com\/wp-content\/uploads\/2024\/07\/WhatsApp-Image-2024-07-25-at-8.44.16-AM-1-4-300x193.jpeg 300w, https:\/\/diegolopezpalomo.com\/wp-content\/uploads\/2024\/07\/WhatsApp-Image-2024-07-25-at-8.44.16-AM-1-4-768x494.jpeg 768w, https:\/\/diegolopezpalomo.com\/wp-content\/uploads\/2024\/07\/WhatsApp-Image-2024-07-25-at-8.44.16-AM-1-4-1536x989.jpeg 1536w, https:\/\/diegolopezpalomo.com\/wp-content\/uploads\/2024\/07\/WhatsApp-Image-2024-07-25-at-8.44.16-AM-1-4-2048x1318.jpeg 2048w, https:\/\/diegolopezpalomo.com\/wp-content\/uploads\/2024\/07\/WhatsApp-Image-2024-07-25-at-8.44.16-AM-1-4-600x386.jpeg 600w, https:\/\/diegolopezpalomo.com\/wp-content\/uploads\/2024\/07\/WhatsApp-Image-2024-07-25-at-8.44.16-AM-1-4-945x608.jpeg 945w\" sizes=\"auto, (max-width: 1024px) 100vw, 1024px\" \/><\/figure>\n<\/figure>\n","protected":false},"excerpt":{"rendered":"<p>Hoy somos sede de la Gran Gira Provincial por la Convivencia Escolar, organizada por la Gobernaci\u00f3n de Cundinamarca, que re\u00fane a todos los rectores y directivos de las diferentes instituciones educativas de la regi\u00f3n \ud83d\udcda\ud83d\udc69\u200d\ud83c\udfeb\ud83d\udc68\u200d\ud83c\udfeb. Este evento es una oportunidad&#8230; <a class=\"more-link\" href=\"https:\/\/diegolopezpalomo.com\/index.php\/2024\/07\/25\/gran-gira-provincial-por-la-convivencia-escolar\/\">Seguir leyendo &rarr;<\/a><\/p>\n","protected":false},"author":1,"featured_media":1867,"comment_status":"open","ping_status":"open","sticky":false,"template":"","format":"standard","meta":{"footnotes":""},"categories":[1],"tags":[],"class_list":["post-1865","post","type-post","status-publish","format-standard","has-post-thumbnail","hentry","category-blog"],"aioseo_notices":[],"_links":{"self":[{"href":"https:\/\/diegolopezpalomo.com\/index.php\/wp-json\/wp\/v2\/posts\/1865","targetHints":{"allow":["GET"]}}],"collection":[{"href":"https:\/\/diegolopezpalomo.com\/index.php\/wp-json\/wp\/v2\/posts"}],"about":[{"href":"https:\/\/diegolopezpalomo.com\/index.php\/wp-json\/wp\/v2\/types\/post"}],"author":[{"embeddable":true,"href":"https:\/\/diegolopezpalomo.com\/index.php\/wp-json\/wp\/v2\/users\/1"}],"replies":[{"embeddable":true,"href":"https:\/\/diegolopezpalomo.com\/index.php\/wp-json\/wp\/v2\/comments?post=1865"}],"version-history":[{"count":5,"href":"https:\/\/diegolopezpalomo.com\/index.php\/wp-json\/wp\/v2\/posts\/1865\/revisions"}],"predecessor-version":[{"id":1883,"href":"https:\/\/diegolopezpalomo.com\/index.php\/wp-json\/wp\/v2\/posts\/1865\/revisions\/1883"}],"wp:featuredmedia":[{"embeddable":true,"href":"https:\/\/diegolopezpalomo.com\/index.php\/wp-json\/wp\/v2\/media\/1867"}],"wp:attachment":[{"href":"https:\/\/diegolopezpalomo.com\/index.php\/wp-json\/wp\/v2\/media?parent=1865"}],"wp:term":[{"taxonomy":"category","embeddable":true,"href":"https:\/\/diegolopezpalomo.com\/index.php\/wp-json\/wp\/v2\/categories?post=1865"},{"taxonomy":"post_tag","embeddable":true,"href":"https:\/\/diegolopezpalomo.com\/index.php\/wp-json\/wp\/v2\/tags?post=1865"}],"curies":[{"name":"wp","href":"https:\/\/api.w.org\/{rel}","templated":true}]}}