{"id":3318,"date":"2025-12-03T17:48:26","date_gmt":"2025-12-03T22:48:26","guid":{"rendered":"https:\/\/diegolopezpalomo.com\/?p=3318"},"modified":"2025-12-03T17:58:37","modified_gmt":"2025-12-03T22:58:37","slug":"hoy-se-realizo-la-entrega-de-reconocimientos-a-los-emprendedores-emprendedoras-y-artesanas-que-participaron-en-la-feria-mujer-en-accion","status":"publish","type":"post","link":"https:\/\/diegolopezpalomo.com\/index.php\/2025\/12\/03\/hoy-se-realizo-la-entrega-de-reconocimientos-a-los-emprendedores-emprendedoras-y-artesanas-que-participaron-en-la-feria-mujer-en-accion\/","title":{"rendered":"Hoy se realiz\u00f3 la entrega de reconocimientos a los emprendedores, emprendedoras y artesanas que participaron en la feria Mujer en Acci\u00f3n"},"content":{"rendered":"\n<figure class=\"wp-block-image size-full\"><img loading=\"lazy\" decoding=\"async\" width=\"590\" height=\"393\" src=\"https:\/\/diegolopezpalomo.com\/wp-content\/uploads\/2025\/12\/emprendedoras.jpg\" alt=\"\" class=\"wp-image-3320\" srcset=\"https:\/\/diegolopezpalomo.com\/wp-content\/uploads\/2025\/12\/emprendedoras.jpg 590w, https:\/\/diegolopezpalomo.com\/wp-content\/uploads\/2025\/12\/emprendedoras-300x200.jpg 300w\" sizes=\"auto, (max-width: 590px) 100vw, 590px\" \/><\/figure>\n\n\n\n<figure class=\"wp-block-image size-large\"><img loading=\"lazy\" decoding=\"async\" width=\"1024\" height=\"683\" src=\"https:\/\/diegolopezpalomo.com\/wp-content\/uploads\/2025\/12\/2emprendedoras-1024x683.jpg\" alt=\"\" class=\"wp-image-3321\" srcset=\"https:\/\/diegolopezpalomo.com\/wp-content\/uploads\/2025\/12\/2emprendedoras-1024x683.jpg 1024w, https:\/\/diegolopezpalomo.com\/wp-content\/uploads\/2025\/12\/2emprendedoras-300x200.jpg 300w, https:\/\/diegolopezpalomo.com\/wp-content\/uploads\/2025\/12\/2emprendedoras-768x512.jpg 768w, https:\/\/diegolopezpalomo.com\/wp-content\/uploads\/2025\/12\/2emprendedoras-600x400.jpg 600w, https:\/\/diegolopezpalomo.com\/wp-content\/uploads\/2025\/12\/2emprendedoras-945x630.jpg 945w, https:\/\/diegolopezpalomo.com\/wp-content\/uploads\/2025\/12\/2emprendedoras.jpg 1440w\" sizes=\"auto, (max-width: 1024px) 100vw, 1024px\" \/><\/figure>\n\n\n\n<p>Este evento, que se llev\u00f3 a cabo durante todo el fin de semana en nuestro parque principal, fue un espacio para destacar el talento, la creatividad y el esfuerzo de quienes impulsan el desarrollo local con sus manos y sus ideas.<\/p>\n\n\n\n<p><img loading=\"lazy\" decoding=\"async\" height=\"16\" width=\"16\" alt=\"\ud83d\udcaa\ud83c\udffb\" src=\"https:\/\/static.xx.fbcdn.net\/images\/emoji.php\/v9\/te7\/1\/16\/1f4aa_1f3fb.png\"> Desde nuestra Alcald\u00eda Municipal en cabeza de @diegolopezspalomo, la Secretar\u00eda de Desarrollo Social liderada por @nataliamorenocontreras, la l\u00edder de gabinete @linajimenezbenavides, nuestra gestora social @carolinalopez.cls y la casa social de la mujer seguimos comprometidos en visibilizar y apoyar a quienes hacen grande a nuestro municipio con su trabajo y dedicaci\u00f3n<\/p>\n","protected":false},"excerpt":{"rendered":"<p>Este evento, que se llev\u00f3 a cabo durante todo el fin de semana en nuestro parque principal, fue un espacio para destacar el talento, la creatividad y el esfuerzo de quienes impulsan el desarrollo local con sus manos y sus&#8230; <a class=\"more-link\" href=\"https:\/\/diegolopezpalomo.com\/index.php\/2025\/12\/03\/hoy-se-realizo-la-entrega-de-reconocimientos-a-los-emprendedores-emprendedoras-y-artesanas-que-participaron-en-la-feria-mujer-en-accion\/\">Seguir leyendo &rarr;<\/a><\/p>\n","protected":false},"author":1,"featured_media":3322,"comment_status":"closed","ping_status":"closed","sticky":false,"template":"","format":"standard","meta":{"footnotes":""},"categories":[1],"tags":[],"class_list":["post-3318","post","type-post","status-publish","format-standard","has-post-thumbnail","hentry","category-blog"],"aioseo_notices":[],"_links":{"self":[{"href":"https:\/\/diegolopezpalomo.com\/index.php\/wp-json\/wp\/v2\/posts\/3318","targetHints":{"allow":["GET"]}}],"collection":[{"href":"https:\/\/diegolopezpalomo.com\/index.php\/wp-json\/wp\/v2\/posts"}],"about":[{"href":"https:\/\/diegolopezpalomo.com\/index.php\/wp-json\/wp\/v2\/types\/post"}],"author":[{"embeddable":true,"href":"https:\/\/diegolopezpalomo.com\/index.php\/wp-json\/wp\/v2\/users\/1"}],"replies":[{"embeddable":true,"href":"https:\/\/diegolopezpalomo.com\/index.php\/wp-json\/wp\/v2\/comments?post=3318"}],"version-history":[{"count":2,"href":"https:\/\/diegolopezpalomo.com\/index.php\/wp-json\/wp\/v2\/posts\/3318\/revisions"}],"predecessor-version":[{"id":3325,"href":"https:\/\/diegolopezpalomo.com\/index.php\/wp-json\/wp\/v2\/posts\/3318\/revisions\/3325"}],"wp:featuredmedia":[{"embeddable":true,"href":"https:\/\/diegolopezpalomo.com\/index.php\/wp-json\/wp\/v2\/media\/3322"}],"wp:attachment":[{"href":"https:\/\/diegolopezpalomo.com\/index.php\/wp-json\/wp\/v2\/media?parent=3318"}],"wp:term":[{"taxonomy":"category","embeddable":true,"href":"https:\/\/diegolopezpalomo.com\/index.php\/wp-json\/wp\/v2\/categories?post=3318"},{"taxonomy":"post_tag","embeddable":true,"href":"https:\/\/diegolopezpalomo.com\/index.php\/wp-json\/wp\/v2\/tags?post=3318"}],"curies":[{"name":"wp","href":"https:\/\/api.w.org\/{rel}","templated":true}]}}