{"id":3335,"date":"2025-12-03T19:20:57","date_gmt":"2025-12-04T00:20:57","guid":{"rendered":"https:\/\/diegolopezpalomo.com\/?p=3335"},"modified":"2025-12-03T19:20:57","modified_gmt":"2025-12-04T00:20:57","slug":"participacion-de-ninos-ninas-y-adolescentes-en-la-rendicion-publica-de-cuentas-vigencia-2025-cundinamarca-fest","status":"publish","type":"post","link":"https:\/\/diegolopezpalomo.com\/index.php\/2025\/12\/03\/participacion-de-ninos-ninas-y-adolescentes-en-la-rendicion-publica-de-cuentas-vigencia-2025-cundinamarca-fest\/","title":{"rendered":"Participaci\u00f3n de ni\u00f1os, ni\u00f1as y adolescentes en la Rendici\u00f3n P\u00fablica de Cuentas \u2013 Vigencia 2025 Cundinamarca Fest."},"content":{"rendered":"\n<p>Durante el Cundinamarca Fest, los ni\u00f1os, ni\u00f1as y adolescentes de la Mesa Municipal de Participaci\u00f3n compartieron sus ideas y visiones en la Rendici\u00f3n P\u00fablica de Cuentas, resaltando temas clave como educaci\u00f3n, salud, protecci\u00f3n e inclusi\u00f3n.<\/p>\n\n\n\n<p>Su participaci\u00f3n demuestra la importancia de escuchar a nuestra ni\u00f1ez y adolescencia por parte de nuestro gobernador @jorgereycundinamarca en la construcci\u00f3n de pol\u00edticas que fortalezcan su bienestar.<\/p>\n\n\n\n<p>Desde la Administraci\u00f3n Municipal en cabeza de @diegolopezspalomo y la Secretar\u00eda de Desarrollo Social @nataliamorenocontreras, continuamos impulsando espacios que promueven la participaci\u00f3n activa y el liderazgo juvenil en nuestro territorio.<\/p>\n","protected":false},"excerpt":{"rendered":"<p>Durante el Cundinamarca Fest, los ni\u00f1os, ni\u00f1as y adolescentes de la Mesa Municipal de Participaci\u00f3n compartieron sus ideas y visiones en la Rendici\u00f3n P\u00fablica de Cuentas, resaltando temas clave como educaci\u00f3n, salud, protecci\u00f3n e inclusi\u00f3n. Su participaci\u00f3n demuestra la importancia&#8230; <a class=\"more-link\" href=\"https:\/\/diegolopezpalomo.com\/index.php\/2025\/12\/03\/participacion-de-ninos-ninas-y-adolescentes-en-la-rendicion-publica-de-cuentas-vigencia-2025-cundinamarca-fest\/\">Seguir leyendo &rarr;<\/a><\/p>\n","protected":false},"author":1,"featured_media":3336,"comment_status":"closed","ping_status":"closed","sticky":false,"template":"","format":"standard","meta":{"footnotes":""},"categories":[1],"tags":[],"class_list":["post-3335","post","type-post","status-publish","format-standard","has-post-thumbnail","hentry","category-blog"],"aioseo_notices":[],"_links":{"self":[{"href":"https:\/\/diegolopezpalomo.com\/index.php\/wp-json\/wp\/v2\/posts\/3335","targetHints":{"allow":["GET"]}}],"collection":[{"href":"https:\/\/diegolopezpalomo.com\/index.php\/wp-json\/wp\/v2\/posts"}],"about":[{"href":"https:\/\/diegolopezpalomo.com\/index.php\/wp-json\/wp\/v2\/types\/post"}],"author":[{"embeddable":true,"href":"https:\/\/diegolopezpalomo.com\/index.php\/wp-json\/wp\/v2\/users\/1"}],"replies":[{"embeddable":true,"href":"https:\/\/diegolopezpalomo.com\/index.php\/wp-json\/wp\/v2\/comments?post=3335"}],"version-history":[{"count":1,"href":"https:\/\/diegolopezpalomo.com\/index.php\/wp-json\/wp\/v2\/posts\/3335\/revisions"}],"predecessor-version":[{"id":3337,"href":"https:\/\/diegolopezpalomo.com\/index.php\/wp-json\/wp\/v2\/posts\/3335\/revisions\/3337"}],"wp:featuredmedia":[{"embeddable":true,"href":"https:\/\/diegolopezpalomo.com\/index.php\/wp-json\/wp\/v2\/media\/3336"}],"wp:attachment":[{"href":"https:\/\/diegolopezpalomo.com\/index.php\/wp-json\/wp\/v2\/media?parent=3335"}],"wp:term":[{"taxonomy":"category","embeddable":true,"href":"https:\/\/diegolopezpalomo.com\/index.php\/wp-json\/wp\/v2\/categories?post=3335"},{"taxonomy":"post_tag","embeddable":true,"href":"https:\/\/diegolopezpalomo.com\/index.php\/wp-json\/wp\/v2\/tags?post=3335"}],"curies":[{"name":"wp","href":"https:\/\/api.w.org\/{rel}","templated":true}]}}