{"id":3350,"date":"2025-12-03T20:02:20","date_gmt":"2025-12-04T01:02:20","guid":{"rendered":"https:\/\/diegolopezpalomo.com\/?p=3350"},"modified":"2025-12-03T20:02:20","modified_gmt":"2025-12-04T01:02:20","slug":"se-acerca-la-gran-cabalgata-colegiuna","status":"publish","type":"post","link":"https:\/\/diegolopezpalomo.com\/index.php\/2025\/12\/03\/se-acerca-la-gran-cabalgata-colegiuna\/","title":{"rendered":"Se acerca la Gran Cabalgata Colegiuna!"},"content":{"rendered":"\n<p>En <a><\/a>el marco del 44\u00b0 Festival Tur\u00edstico, Cultural y Reinado Departamental de la Luz, invitamos a todos los amantes del campo, la tradici\u00f3n y el caballo a vivir una jornada llena de alegr\u00eda y uni\u00f3n.<\/p>\n\n\n\n<p><img loading=\"lazy\" decoding=\"async\" height=\"16\" width=\"16\" alt=\"\ud83d\udcc5\" src=\"https:\/\/static.xx.fbcdn.net\/images\/emoji.php\/v9\/t7e\/1\/16\/1f4c5.png\"> 27 de diciembre<\/p>\n\n\n\n<p><img loading=\"lazy\" decoding=\"async\" height=\"16\" width=\"16\" alt=\"\u23f0\" src=\"https:\/\/static.xx.fbcdn.net\/images\/emoji.php\/v9\/t34\/1\/16\/23f0.png\"> 12:00 m<\/p>\n\n\n\n<p><img loading=\"lazy\" decoding=\"async\" height=\"16\" width=\"16\" alt=\"\ud83d\udccd\" src=\"https:\/\/static.xx.fbcdn.net\/images\/emoji.php\/v9\/t2d\/1\/16\/1f4cd.png\"> Salida y llegada: Coliseo de Eventos \u2014 recorrido por las principales calles del municipio.<\/p>\n\n\n\n<p>Organiza y acompa\u00f1a: Alcald\u00eda Municipal de El Colegio, en cabeza de @diegolopezspalomo, la Secretar\u00eda de Turismo, Deporte y Cultura, liderada por @pedroacastilloreina y la Secretar\u00eda de Desarrollo Agropecuario, Ambiental y Econ\u00f3mico, liderada por @paoalexaperilla.<\/p>\n\n\n\n<p>\u00a1Te esperamos para vivir juntos esta tradici\u00f3n que nos llena de orgullo Colegiuno! <img loading=\"lazy\" decoding=\"async\" height=\"16\" width=\"16\" alt=\"\ud83d\udc99\" src=\"https:\/\/static.xx.fbcdn.net\/images\/emoji.php\/v9\/t6c\/1\/16\/1f499.png\"><img loading=\"lazy\" decoding=\"async\" height=\"16\" width=\"16\" alt=\"\ud83d\udc9b\" src=\"https:\/\/static.xx.fbcdn.net\/images\/emoji.php\/v9\/t15\/1\/16\/1f49b.png\"><img loading=\"lazy\" decoding=\"async\" height=\"16\" width=\"16\" alt=\"\ud83d\udc9a\" src=\"https:\/\/static.xx.fbcdn.net\/images\/emoji.php\/v9\/t94\/1\/16\/1f49a.png\"><\/p>\n","protected":false},"excerpt":{"rendered":"<p>En el marco del 44\u00b0 Festival Tur\u00edstico, Cultural y Reinado Departamental de la Luz, invitamos a todos los amantes del campo, la tradici\u00f3n y el caballo a vivir una jornada llena de alegr\u00eda y uni\u00f3n. 27 de diciembre 12:00 m&#8230; <a class=\"more-link\" href=\"https:\/\/diegolopezpalomo.com\/index.php\/2025\/12\/03\/se-acerca-la-gran-cabalgata-colegiuna\/\">Seguir leyendo &rarr;<\/a><\/p>\n","protected":false},"author":1,"featured_media":3351,"comment_status":"closed","ping_status":"closed","sticky":false,"template":"","format":"standard","meta":{"footnotes":""},"categories":[1],"tags":[],"class_list":["post-3350","post","type-post","status-publish","format-standard","has-post-thumbnail","hentry","category-blog"],"aioseo_notices":[],"_links":{"self":[{"href":"https:\/\/diegolopezpalomo.com\/index.php\/wp-json\/wp\/v2\/posts\/3350","targetHints":{"allow":["GET"]}}],"collection":[{"href":"https:\/\/diegolopezpalomo.com\/index.php\/wp-json\/wp\/v2\/posts"}],"about":[{"href":"https:\/\/diegolopezpalomo.com\/index.php\/wp-json\/wp\/v2\/types\/post"}],"author":[{"embeddable":true,"href":"https:\/\/diegolopezpalomo.com\/index.php\/wp-json\/wp\/v2\/users\/1"}],"replies":[{"embeddable":true,"href":"https:\/\/diegolopezpalomo.com\/index.php\/wp-json\/wp\/v2\/comments?post=3350"}],"version-history":[{"count":1,"href":"https:\/\/diegolopezpalomo.com\/index.php\/wp-json\/wp\/v2\/posts\/3350\/revisions"}],"predecessor-version":[{"id":3352,"href":"https:\/\/diegolopezpalomo.com\/index.php\/wp-json\/wp\/v2\/posts\/3350\/revisions\/3352"}],"wp:featuredmedia":[{"embeddable":true,"href":"https:\/\/diegolopezpalomo.com\/index.php\/wp-json\/wp\/v2\/media\/3351"}],"wp:attachment":[{"href":"https:\/\/diegolopezpalomo.com\/index.php\/wp-json\/wp\/v2\/media?parent=3350"}],"wp:term":[{"taxonomy":"category","embeddable":true,"href":"https:\/\/diegolopezpalomo.com\/index.php\/wp-json\/wp\/v2\/categories?post=3350"},{"taxonomy":"post_tag","embeddable":true,"href":"https:\/\/diegolopezpalomo.com\/index.php\/wp-json\/wp\/v2\/tags?post=3350"}],"curies":[{"name":"wp","href":"https:\/\/api.w.org\/{rel}","templated":true}]}}