{"id":3354,"date":"2025-12-12T16:50:34","date_gmt":"2025-12-12T21:50:34","guid":{"rendered":"https:\/\/diegolopezpalomo.com\/?p=3354"},"modified":"2025-12-12T16:50:35","modified_gmt":"2025-12-12T21:50:35","slug":"renta-ciudadana-y-devolucion-del-iva","status":"publish","type":"post","link":"https:\/\/diegolopezpalomo.com\/index.php\/2025\/12\/12\/renta-ciudadana-y-devolucion-del-iva\/","title":{"rendered":"Renta Ciudadana y Devoluci\u00f3n del IVA"},"content":{"rendered":"\n<p>Seguimos trabajando por el bienestar de nuestras familias colegiunas y de miles de hogares en todo el pa\u00eds.<\/p>\n\n\n\n<p>Gracias a Prosperidad Social y al apoyo de nuestra Secretar\u00eda de Desarrollo Social, avanzamos en los ciclos 5 y 6 de este importante programa que beneficia a:<\/p>\n\n\n\n<p><img loading=\"lazy\" decoding=\"async\" height=\"16\" width=\"16\" alt=\"\ud83d\udd39\" src=\"https:\/\/static.xx.fbcdn.net\/images\/emoji.php\/v9\/tf3\/1\/16\/1f539.png\">&nbsp;Cerca de 780 mil familias.<\/p>\n\n\n\n<p><img loading=\"lazy\" decoding=\"async\" height=\"16\" width=\"16\" alt=\"\ud83d\udd39\" src=\"https:\/\/static.xx.fbcdn.net\/images\/emoji.php\/v9\/tf3\/1\/16\/1f539.png\">&nbsp;M\u00e1s de 850.000 ni\u00f1os y ni\u00f1as menores de 6 a\u00f1os en situaci\u00f3n de pobreza y alta vulnerabilidad.<\/p>\n\n\n\n<p><img loading=\"lazy\" decoding=\"async\" height=\"16\" width=\"16\" alt=\"\ud83d\udd39\" src=\"https:\/\/static.xx.fbcdn.net\/images\/emoji.php\/v9\/tf3\/1\/16\/1f539.png\">&nbsp;50.000 hogares en pobreza extrema, personas con discapacidad y sus cuidadores.<\/p>\n\n\n\n<p><img loading=\"lazy\" decoding=\"async\" height=\"16\" width=\"16\" alt=\"\ud83d\udcc5\" src=\"https:\/\/static.xx.fbcdn.net\/images\/emoji.php\/v9\/t7e\/1\/16\/1f4c5.png\">&nbsp;Ciclo 5: Del 13 al 24 de noviembre de 2025.<\/p>\n\n\n\n<p><img loading=\"lazy\" decoding=\"async\" height=\"16\" width=\"16\" alt=\"\ud83d\udcc5\" src=\"https:\/\/static.xx.fbcdn.net\/images\/emoji.php\/v9\/t7e\/1\/16\/1f4c5.png\">&nbsp;Ciclo 6: Del 4 al 15 de diciembre de 2025.<\/p>\n\n\n\n<p>Seguimos generando oportunidades y acompa\u00f1ando a quienes m\u00e1s lo necesitan.<\/p>\n","protected":false},"excerpt":{"rendered":"<p>Seguimos trabajando por el bienestar de nuestras familias colegiunas y de miles de hogares en todo el pa\u00eds. Gracias a Prosperidad Social y al apoyo de nuestra Secretar\u00eda de Desarrollo Social, avanzamos en los ciclos 5 y 6 de este&#8230; <a class=\"more-link\" href=\"https:\/\/diegolopezpalomo.com\/index.php\/2025\/12\/12\/renta-ciudadana-y-devolucion-del-iva\/\">Seguir leyendo &rarr;<\/a><\/p>\n","protected":false},"author":1,"featured_media":3355,"comment_status":"open","ping_status":"open","sticky":false,"template":"","format":"standard","meta":{"footnotes":""},"categories":[1],"tags":[],"class_list":["post-3354","post","type-post","status-publish","format-standard","has-post-thumbnail","hentry","category-blog"],"aioseo_notices":[],"_links":{"self":[{"href":"https:\/\/diegolopezpalomo.com\/index.php\/wp-json\/wp\/v2\/posts\/3354","targetHints":{"allow":["GET"]}}],"collection":[{"href":"https:\/\/diegolopezpalomo.com\/index.php\/wp-json\/wp\/v2\/posts"}],"about":[{"href":"https:\/\/diegolopezpalomo.com\/index.php\/wp-json\/wp\/v2\/types\/post"}],"author":[{"embeddable":true,"href":"https:\/\/diegolopezpalomo.com\/index.php\/wp-json\/wp\/v2\/users\/1"}],"replies":[{"embeddable":true,"href":"https:\/\/diegolopezpalomo.com\/index.php\/wp-json\/wp\/v2\/comments?post=3354"}],"version-history":[{"count":1,"href":"https:\/\/diegolopezpalomo.com\/index.php\/wp-json\/wp\/v2\/posts\/3354\/revisions"}],"predecessor-version":[{"id":3356,"href":"https:\/\/diegolopezpalomo.com\/index.php\/wp-json\/wp\/v2\/posts\/3354\/revisions\/3356"}],"wp:featuredmedia":[{"embeddable":true,"href":"https:\/\/diegolopezpalomo.com\/index.php\/wp-json\/wp\/v2\/media\/3355"}],"wp:attachment":[{"href":"https:\/\/diegolopezpalomo.com\/index.php\/wp-json\/wp\/v2\/media?parent=3354"}],"wp:term":[{"taxonomy":"category","embeddable":true,"href":"https:\/\/diegolopezpalomo.com\/index.php\/wp-json\/wp\/v2\/categories?post=3354"},{"taxonomy":"post_tag","embeddable":true,"href":"https:\/\/diegolopezpalomo.com\/index.php\/wp-json\/wp\/v2\/tags?post=3354"}],"curies":[{"name":"wp","href":"https:\/\/api.w.org\/{rel}","templated":true}]}}