{"id":3381,"date":"2025-12-12T21:52:24","date_gmt":"2025-12-13T02:52:24","guid":{"rendered":"https:\/\/diegolopezpalomo.com\/?p=3381"},"modified":"2025-12-12T22:00:10","modified_gmt":"2025-12-13T03:00:10","slug":"lista-la-via-del-barrio-san-antonio-para-su-inauguracion-este-sabado","status":"publish","type":"post","link":"https:\/\/diegolopezpalomo.com\/index.php\/2025\/12\/12\/lista-la-via-del-barrio-san-antonio-para-su-inauguracion-este-sabado\/","title":{"rendered":"LISTA LA V\u00cdA DEL BARRIO SAN ANTONIO PARA SU INAUGURACI\u00d3N ESTE S\u00c1BADO"},"content":{"rendered":"\n<p>(VER VIDEO)<\/p>\n\n\n\n<figure class=\"wp-block-video\"><video height=\"848\" style=\"aspect-ratio: 480 \/ 848;\" width=\"480\" controls src=\"https:\/\/diegolopezpalomo.com\/wp-content\/uploads\/2025\/12\/WhatsApp-Video-2025-12-04-at-8.11.56-AM.mp4\"><\/video><\/figure>\n\n\n\n<p>Este s\u00e1bado entregaremos una obra que marca un nuevo cap\u00edtulo para Mesitas de El Colegio. La v\u00eda del barrio San Antonio, conocida como el matadero, renace despu\u00e9s de a\u00f1os de espera gracias al liderazgo de nuestro alcalde @diegolopezspalomo , el trabajo dedicado de nuestro secretario de Infraestructura y Movilidad, y el acompa\u00f1amiento de la Secretar\u00eda de Planeaci\u00f3n, liderada por @jherson_05<\/p>\n\n\n\n<p>Hoy presentamos una transformaci\u00f3n que refleja visi\u00f3n, compromiso y sentido de responsabilidad con nuestra comunidad colegiuna: una v\u00eda con andenes renovados, iluminaci\u00f3n moderna y espacios recuperados para el bienestar de ni\u00f1os, j\u00f3venes y adultos mayores. Un verdadero regalo de Navidad para quienes so\u00f1aban con ver este sector digno y seguro.<\/p>\n\n\n\n<p>Con disciplina aplicamos la teor\u00eda de las ventanas rotas para recuperar este entorno, fortalecer la seguridad y retomar espacios que estaban siendo afectados por el microtr\u00e1fico. Esta intervenci\u00f3n devuelve tranquilidad y calidad de vida a nuestros ciudadanos.<\/p>\n\n\n\n<p>Los invitamos este s\u00e1bado 6 de diciembre de 2025 a las 6:00 p. m. a la inauguraci\u00f3n de esta v\u00eda, una obra clave para mejorar la movilidad del territorio y que hace parte del plan mayor hacia la circunvalar colegiana, desde la calle 8 con avenida Medina hasta El Triunfo, Cundinamarca.<\/p>\n","protected":false},"excerpt":{"rendered":"<p>(VER VIDEO) Este s\u00e1bado entregaremos una obra que marca un nuevo cap\u00edtulo para Mesitas de El Colegio. La v\u00eda del barrio San Antonio, conocida como el matadero, renace despu\u00e9s de a\u00f1os de espera gracias al liderazgo de nuestro alcalde @diegolopezspalomo&#8230; <a class=\"more-link\" href=\"https:\/\/diegolopezpalomo.com\/index.php\/2025\/12\/12\/lista-la-via-del-barrio-san-antonio-para-su-inauguracion-este-sabado\/\">Seguir leyendo &rarr;<\/a><\/p>\n","protected":false},"author":1,"featured_media":3382,"comment_status":"closed","ping_status":"closed","sticky":false,"template":"","format":"standard","meta":{"footnotes":""},"categories":[1],"tags":[],"class_list":["post-3381","post","type-post","status-publish","format-standard","has-post-thumbnail","hentry","category-blog"],"aioseo_notices":[],"_links":{"self":[{"href":"https:\/\/diegolopezpalomo.com\/index.php\/wp-json\/wp\/v2\/posts\/3381","targetHints":{"allow":["GET"]}}],"collection":[{"href":"https:\/\/diegolopezpalomo.com\/index.php\/wp-json\/wp\/v2\/posts"}],"about":[{"href":"https:\/\/diegolopezpalomo.com\/index.php\/wp-json\/wp\/v2\/types\/post"}],"author":[{"embeddable":true,"href":"https:\/\/diegolopezpalomo.com\/index.php\/wp-json\/wp\/v2\/users\/1"}],"replies":[{"embeddable":true,"href":"https:\/\/diegolopezpalomo.com\/index.php\/wp-json\/wp\/v2\/comments?post=3381"}],"version-history":[{"count":2,"href":"https:\/\/diegolopezpalomo.com\/index.php\/wp-json\/wp\/v2\/posts\/3381\/revisions"}],"predecessor-version":[{"id":3386,"href":"https:\/\/diegolopezpalomo.com\/index.php\/wp-json\/wp\/v2\/posts\/3381\/revisions\/3386"}],"wp:featuredmedia":[{"embeddable":true,"href":"https:\/\/diegolopezpalomo.com\/index.php\/wp-json\/wp\/v2\/media\/3382"}],"wp:attachment":[{"href":"https:\/\/diegolopezpalomo.com\/index.php\/wp-json\/wp\/v2\/media?parent=3381"}],"wp:term":[{"taxonomy":"category","embeddable":true,"href":"https:\/\/diegolopezpalomo.com\/index.php\/wp-json\/wp\/v2\/categories?post=3381"},{"taxonomy":"post_tag","embeddable":true,"href":"https:\/\/diegolopezpalomo.com\/index.php\/wp-json\/wp\/v2\/tags?post=3381"}],"curies":[{"name":"wp","href":"https:\/\/api.w.org\/{rel}","templated":true}]}}