{"id":3515,"date":"2026-01-16T19:45:50","date_gmt":"2026-01-17T00:45:50","guid":{"rendered":"https:\/\/diegolopezpalomo.com\/?p=3515"},"modified":"2026-01-16T19:51:21","modified_gmt":"2026-01-17T00:51:21","slug":"la-maraton-bailable-infantil-lleno-de-ritmo-y-alegria-nuestro-parque-principal-en-el-marco-del-festival-turistico-cultural-y-reinado-departamental-de-la-luz","status":"publish","type":"post","link":"https:\/\/diegolopezpalomo.com\/index.php\/2026\/01\/16\/la-maraton-bailable-infantil-lleno-de-ritmo-y-alegria-nuestro-parque-principal-en-el-marco-del-festival-turistico-cultural-y-reinado-departamental-de-la-luz\/","title":{"rendered":"La Marat\u00f3n Bailable Infantil llen\u00f3 de ritmo y alegr\u00eda nuestro parque principal en el marco del Festival Tur\u00edstico, Cultural y Reinado Departamental de la Luz"},"content":{"rendered":"\n<figure class=\"wp-block-image size-full\"><img loading=\"lazy\" decoding=\"async\" width=\"590\" height=\"393\" src=\"https:\/\/diegolopezpalomo.com\/wp-content\/uploads\/2026\/01\/3maraton.jpg\" alt=\"\" class=\"wp-image-3517\" srcset=\"https:\/\/diegolopezpalomo.com\/wp-content\/uploads\/2026\/01\/3maraton.jpg 590w, https:\/\/diegolopezpalomo.com\/wp-content\/uploads\/2026\/01\/3maraton-300x200.jpg 300w\" sizes=\"auto, (max-width: 590px) 100vw, 590px\" \/><\/figure>\n\n\n\n<figure class=\"wp-block-image size-full\"><img loading=\"lazy\" decoding=\"async\" width=\"590\" height=\"393\" src=\"https:\/\/diegolopezpalomo.com\/wp-content\/uploads\/2026\/01\/1maraton.jpg\" alt=\"\" class=\"wp-image-3520\" srcset=\"https:\/\/diegolopezpalomo.com\/wp-content\/uploads\/2026\/01\/1maraton.jpg 590w, https:\/\/diegolopezpalomo.com\/wp-content\/uploads\/2026\/01\/1maraton-300x200.jpg 300w\" sizes=\"auto, (max-width: 590px) 100vw, 590px\" \/><\/figure>\n\n\n\n<figure class=\"wp-block-image size-full\"><img loading=\"lazy\" decoding=\"async\" width=\"590\" height=\"393\" src=\"https:\/\/diegolopezpalomo.com\/wp-content\/uploads\/2026\/01\/2maraton.jpg\" alt=\"\" class=\"wp-image-3521\" srcset=\"https:\/\/diegolopezpalomo.com\/wp-content\/uploads\/2026\/01\/2maraton.jpg 590w, https:\/\/diegolopezpalomo.com\/wp-content\/uploads\/2026\/01\/2maraton-300x200.jpg 300w\" sizes=\"auto, (max-width: 590px) 100vw, 590px\" \/><\/figure>\n\n\n\n<figure class=\"wp-block-image size-large\"><img loading=\"lazy\" decoding=\"async\" width=\"1024\" height=\"683\" src=\"https:\/\/diegolopezpalomo.com\/wp-content\/uploads\/2026\/01\/8maraton-1024x683.jpg\" alt=\"\" class=\"wp-image-3522\" srcset=\"https:\/\/diegolopezpalomo.com\/wp-content\/uploads\/2026\/01\/8maraton-1024x683.jpg 1024w, https:\/\/diegolopezpalomo.com\/wp-content\/uploads\/2026\/01\/8maraton-300x200.jpg 300w, https:\/\/diegolopezpalomo.com\/wp-content\/uploads\/2026\/01\/8maraton-768x512.jpg 768w, https:\/\/diegolopezpalomo.com\/wp-content\/uploads\/2026\/01\/8maraton-600x400.jpg 600w, https:\/\/diegolopezpalomo.com\/wp-content\/uploads\/2026\/01\/8maraton-945x630.jpg 945w, https:\/\/diegolopezpalomo.com\/wp-content\/uploads\/2026\/01\/8maraton.jpg 1440w\" sizes=\"auto, (max-width: 1024px) 100vw, 1024px\" \/><\/figure>\n\n\n\n<p>Celebramos el talento de nuestros ni\u00f1os y ni\u00f1as, donde la pareja n\u00famero 1 se llev\u00f3 el primer lugar, y la pareja n\u00famero 5 obtuvo el segundo lugar <img loading=\"lazy\" decoding=\"async\" height=\"16\" width=\"16\" alt=\"\ud83d\udc4f\" src=\"https:\/\/static.xx.fbcdn.net\/images\/emoji.php\/v9\/tfe\/1\/16\/1f44f.png\"><img loading=\"lazy\" decoding=\"async\" height=\"16\" width=\"16\" alt=\"\ud83e\udd47\" src=\"https:\/\/static.xx.fbcdn.net\/images\/emoji.php\/v9\/t94\/1\/16\/1f947.png\"><img loading=\"lazy\" decoding=\"async\" height=\"16\" width=\"16\" alt=\"\ud83e\udd48\" src=\"https:\/\/static.xx.fbcdn.net\/images\/emoji.php\/v9\/t15\/1\/16\/1f948.png\"><\/p>\n\n\n\n<p>Una jornada posible gracias al apoyo de nuestro alcalde @diegolopezspalomo y al liderazgo de la @turismodeporteyculturamesitas en cabeza de @pedroacastilloreina impulsando espacios de recreaci\u00f3n y cultura para nuestra ni\u00f1ez.<\/p>\n","protected":false},"excerpt":{"rendered":"<p>Celebramos el talento de nuestros ni\u00f1os y ni\u00f1as, donde la pareja n\u00famero 1 se llev\u00f3 el primer lugar, y la pareja n\u00famero 5 obtuvo el segundo lugar Una jornada posible gracias al apoyo de nuestro alcalde @diegolopezspalomo y al liderazgo&#8230; <a class=\"more-link\" href=\"https:\/\/diegolopezpalomo.com\/index.php\/2026\/01\/16\/la-maraton-bailable-infantil-lleno-de-ritmo-y-alegria-nuestro-parque-principal-en-el-marco-del-festival-turistico-cultural-y-reinado-departamental-de-la-luz\/\">Seguir leyendo &rarr;<\/a><\/p>\n","protected":false},"author":1,"featured_media":3516,"comment_status":"closed","ping_status":"closed","sticky":false,"template":"","format":"standard","meta":{"footnotes":""},"categories":[1],"tags":[],"class_list":["post-3515","post","type-post","status-publish","format-standard","has-post-thumbnail","hentry","category-blog"],"aioseo_notices":[],"_links":{"self":[{"href":"https:\/\/diegolopezpalomo.com\/index.php\/wp-json\/wp\/v2\/posts\/3515","targetHints":{"allow":["GET"]}}],"collection":[{"href":"https:\/\/diegolopezpalomo.com\/index.php\/wp-json\/wp\/v2\/posts"}],"about":[{"href":"https:\/\/diegolopezpalomo.com\/index.php\/wp-json\/wp\/v2\/types\/post"}],"author":[{"embeddable":true,"href":"https:\/\/diegolopezpalomo.com\/index.php\/wp-json\/wp\/v2\/users\/1"}],"replies":[{"embeddable":true,"href":"https:\/\/diegolopezpalomo.com\/index.php\/wp-json\/wp\/v2\/comments?post=3515"}],"version-history":[{"count":3,"href":"https:\/\/diegolopezpalomo.com\/index.php\/wp-json\/wp\/v2\/posts\/3515\/revisions"}],"predecessor-version":[{"id":3525,"href":"https:\/\/diegolopezpalomo.com\/index.php\/wp-json\/wp\/v2\/posts\/3515\/revisions\/3525"}],"wp:featuredmedia":[{"embeddable":true,"href":"https:\/\/diegolopezpalomo.com\/index.php\/wp-json\/wp\/v2\/media\/3516"}],"wp:attachment":[{"href":"https:\/\/diegolopezpalomo.com\/index.php\/wp-json\/wp\/v2\/media?parent=3515"}],"wp:term":[{"taxonomy":"category","embeddable":true,"href":"https:\/\/diegolopezpalomo.com\/index.php\/wp-json\/wp\/v2\/categories?post=3515"},{"taxonomy":"post_tag","embeddable":true,"href":"https:\/\/diegolopezpalomo.com\/index.php\/wp-json\/wp\/v2\/tags?post=3515"}],"curies":[{"name":"wp","href":"https:\/\/api.w.org\/{rel}","templated":true}]}}