{"id":3572,"date":"2026-01-16T23:26:43","date_gmt":"2026-01-17T04:26:43","guid":{"rendered":"https:\/\/diegolopezpalomo.com\/?p=3572"},"modified":"2026-01-16T23:26:44","modified_gmt":"2026-01-17T04:26:44","slug":"atencion-docentes-y-directivos-docentes-del-municipio-de-el-colegio","status":"publish","type":"post","link":"https:\/\/diegolopezpalomo.com\/index.php\/2026\/01\/16\/atencion-docentes-y-directivos-docentes-del-municipio-de-el-colegio\/","title":{"rendered":"Atenci\u00f3n docentes y directivos docentes del municipio de El Colegio"},"content":{"rendered":"\n<p>Gracias a la gesti\u00f3n de nuestro alcalde Diego L\u00f3pez, se abre esta importante convocatoria dirigida a los docentes de El Colegio, para que puedan acceder a estudios de maestr\u00eda y continuar fortaleciendo su formaci\u00f3n acad\u00e9mica <img loading=\"lazy\" decoding=\"async\" height=\"16\" width=\"16\" alt=\"\ud83d\udc69\u200d\ud83c\udfeb\" src=\"https:\/\/static.xx.fbcdn.net\/images\/emoji.php\/v9\/t94\/1\/16\/1f469_200d_1f3eb.png\"><img loading=\"lazy\" decoding=\"async\" height=\"16\" width=\"16\" alt=\"\ud83d\udc68\u200d\ud83c\udfeb\" src=\"https:\/\/static.xx.fbcdn.net\/images\/emoji.php\/v9\/tb5\/1\/16\/1f468_200d_1f3eb.png\">.<\/p>\n\n\n\n<p>Desde el 27 de diciembre, la Gobernaci\u00f3n de Cundinamarca asumir\u00e1 el 50 % del valor de la maestr\u00eda, y mediante alianzas con 8 universidades, se cubrir\u00e1 un porcentaje adicional entre el 30 % y el 40 % <img loading=\"lazy\" decoding=\"async\" height=\"16\" width=\"16\" alt=\"\ud83c\udf93\" src=\"https:\/\/static.xx.fbcdn.net\/images\/emoji.php\/v9\/t25\/1\/16\/1f393.png\"><img loading=\"lazy\" decoding=\"async\" height=\"16\" width=\"16\" alt=\"\ud83e\udd1d\" src=\"https:\/\/static.xx.fbcdn.net\/images\/emoji.php\/v9\/t64\/1\/16\/1f91d.png\">.<\/p>\n\n\n\n<p><img loading=\"lazy\" decoding=\"async\" height=\"16\" width=\"16\" alt=\"\u2705\" src=\"https:\/\/static.xx.fbcdn.net\/images\/emoji.php\/v9\/t33\/1\/16\/2705.png\"> M\u00e1s de 50 cupos disponibles<\/p>\n\n\n\n<p><img loading=\"lazy\" decoding=\"async\" height=\"16\" width=\"16\" alt=\"\u2705\" src=\"https:\/\/static.xx.fbcdn.net\/images\/emoji.php\/v9\/t33\/1\/16\/2705.png\"> 8 universidades aliadas<\/p>\n\n\n\n<p>Desde la Alcald\u00eda Municipal de El Colegio, reafirmamos el compromiso de nuestro alcalde @diegolopezspalomo con la educaci\u00f3n y el crecimiento profesional de nuestros docentes <img loading=\"lazy\" decoding=\"async\" height=\"16\" width=\"16\" alt=\"\ud83d\udc99\" src=\"https:\/\/static.xx.fbcdn.net\/images\/emoji.php\/v9\/t6c\/1\/16\/1f499.png\"><img loading=\"lazy\" decoding=\"async\" height=\"16\" width=\"16\" alt=\"\ud83c\udfeb\" src=\"https:\/\/static.xx.fbcdn.net\/images\/emoji.php\/v9\/t28\/1\/16\/1f3eb.png\">.<\/p>\n\n\n\n<p><img loading=\"lazy\" decoding=\"async\" height=\"16\" width=\"16\" alt=\"\ud83d\udcdd\" src=\"https:\/\/static.xx.fbcdn.net\/images\/emoji.php\/v9\/tcc\/1\/16\/1f4dd.png\"> Inscripciones: <img loading=\"lazy\" decoding=\"async\" height=\"16\" width=\"16\" alt=\"\ud83d\udc49\" src=\"https:\/\/static.xx.fbcdn.net\/images\/emoji.php\/v9\/t51\/1\/16\/1f449.png\"><a href=\"http:\/\/www.cundinamarca.gov.co\/?fbclid=IwZXh0bgNhZW0CMTAAYnJpZBExdmRsbkFBU2NRdGo3QnBEbHNydGMGYXBwX2lkEDIyMjAzOTE3ODgyMDA4OTIAAR5kba5jF7OcWa6e7HPDx-2KKak_rV48Sa7ER9q0mzi5mw0143oBD0KgfvY8MA_aem_uEf_nLplZlzRDTDSxmHIbg\" rel=\"noreferrer noopener\" target=\"_blank\">www.cundinamarca.gov.co<\/a><\/p>\n\n\n\n<p><img loading=\"lazy\" decoding=\"async\" height=\"16\" width=\"16\" alt=\"\ud83d\udcde\" src=\"https:\/\/static.xx.fbcdn.net\/images\/emoji.php\/v9\/t4d\/1\/16\/1f4de.png\"> M\u00e1s informaci\u00f3n: 314 438 7483<\/p>\n\n\n\n<p>\u00a1Una gran oportunidad para seguir creciendo profesionalmente!<\/p>\n","protected":false},"excerpt":{"rendered":"<p>Gracias a la gesti\u00f3n de nuestro alcalde Diego L\u00f3pez, se abre esta importante convocatoria dirigida a los docentes de El Colegio, para que puedan acceder a estudios de maestr\u00eda y continuar fortaleciendo su formaci\u00f3n acad\u00e9mica . Desde el 27 de&#8230; <a class=\"more-link\" href=\"https:\/\/diegolopezpalomo.com\/index.php\/2026\/01\/16\/atencion-docentes-y-directivos-docentes-del-municipio-de-el-colegio\/\">Seguir leyendo &rarr;<\/a><\/p>\n","protected":false},"author":1,"featured_media":3573,"comment_status":"closed","ping_status":"closed","sticky":false,"template":"","format":"standard","meta":{"footnotes":""},"categories":[1],"tags":[],"class_list":["post-3572","post","type-post","status-publish","format-standard","has-post-thumbnail","hentry","category-blog"],"aioseo_notices":[],"_links":{"self":[{"href":"https:\/\/diegolopezpalomo.com\/index.php\/wp-json\/wp\/v2\/posts\/3572","targetHints":{"allow":["GET"]}}],"collection":[{"href":"https:\/\/diegolopezpalomo.com\/index.php\/wp-json\/wp\/v2\/posts"}],"about":[{"href":"https:\/\/diegolopezpalomo.com\/index.php\/wp-json\/wp\/v2\/types\/post"}],"author":[{"embeddable":true,"href":"https:\/\/diegolopezpalomo.com\/index.php\/wp-json\/wp\/v2\/users\/1"}],"replies":[{"embeddable":true,"href":"https:\/\/diegolopezpalomo.com\/index.php\/wp-json\/wp\/v2\/comments?post=3572"}],"version-history":[{"count":1,"href":"https:\/\/diegolopezpalomo.com\/index.php\/wp-json\/wp\/v2\/posts\/3572\/revisions"}],"predecessor-version":[{"id":3574,"href":"https:\/\/diegolopezpalomo.com\/index.php\/wp-json\/wp\/v2\/posts\/3572\/revisions\/3574"}],"wp:featuredmedia":[{"embeddable":true,"href":"https:\/\/diegolopezpalomo.com\/index.php\/wp-json\/wp\/v2\/media\/3573"}],"wp:attachment":[{"href":"https:\/\/diegolopezpalomo.com\/index.php\/wp-json\/wp\/v2\/media?parent=3572"}],"wp:term":[{"taxonomy":"category","embeddable":true,"href":"https:\/\/diegolopezpalomo.com\/index.php\/wp-json\/wp\/v2\/categories?post=3572"},{"taxonomy":"post_tag","embeddable":true,"href":"https:\/\/diegolopezpalomo.com\/index.php\/wp-json\/wp\/v2\/tags?post=3572"}],"curies":[{"name":"wp","href":"https:\/\/api.w.org\/{rel}","templated":true}]}}