{"id":3575,"date":"2026-01-16T23:34:46","date_gmt":"2026-01-17T04:34:46","guid":{"rendered":"https:\/\/diegolopezpalomo.com\/?p=3575"},"modified":"2026-01-16T23:34:46","modified_gmt":"2026-01-17T04:34:46","slug":"con-el-tradicional-entierro-del-ano-vivido-en-mesitas-de-el-colegio-dimos-cierre-a-la-programacion-del-festival-turistico-cultural-y-reinado-departamental-de-la-luz","status":"publish","type":"post","link":"https:\/\/diegolopezpalomo.com\/index.php\/2026\/01\/16\/con-el-tradicional-entierro-del-ano-vivido-en-mesitas-de-el-colegio-dimos-cierre-a-la-programacion-del-festival-turistico-cultural-y-reinado-departamental-de-la-luz\/","title":{"rendered":"Con el tradicional Entierro del A\u00f1o, vivido en Mesitas de El Colegio, dimos cierre a la programaci\u00f3n del Festival Tur\u00edstico, Cultural y Reinado Departamental de la Luz"},"content":{"rendered":"\n<figure class=\"wp-block-image size-large\"><img loading=\"lazy\" decoding=\"async\" width=\"1024\" height=\"768\" src=\"https:\/\/diegolopezpalomo.com\/wp-content\/uploads\/2026\/01\/otro-entierro-1024x768.jpg\" alt=\"\" class=\"wp-image-3576\" srcset=\"https:\/\/diegolopezpalomo.com\/wp-content\/uploads\/2026\/01\/otro-entierro-1024x768.jpg 1024w, https:\/\/diegolopezpalomo.com\/wp-content\/uploads\/2026\/01\/otro-entierro-300x225.jpg 300w, https:\/\/diegolopezpalomo.com\/wp-content\/uploads\/2026\/01\/otro-entierro-768x576.jpg 768w, https:\/\/diegolopezpalomo.com\/wp-content\/uploads\/2026\/01\/otro-entierro-600x450.jpg 600w, https:\/\/diegolopezpalomo.com\/wp-content\/uploads\/2026\/01\/otro-entierro-945x709.jpg 945w, https:\/\/diegolopezpalomo.com\/wp-content\/uploads\/2026\/01\/otro-entierro.jpg 1440w\" sizes=\"auto, (max-width: 1024px) 100vw, 1024px\" \/><\/figure>\n\n\n\n<figure class=\"wp-block-image size-large\"><img loading=\"lazy\" decoding=\"async\" width=\"1024\" height=\"768\" src=\"https:\/\/diegolopezpalomo.com\/wp-content\/uploads\/2026\/01\/2otroentierro-1024x768.jpg\" alt=\"\" class=\"wp-image-3577\" srcset=\"https:\/\/diegolopezpalomo.com\/wp-content\/uploads\/2026\/01\/2otroentierro-1024x768.jpg 1024w, https:\/\/diegolopezpalomo.com\/wp-content\/uploads\/2026\/01\/2otroentierro-300x225.jpg 300w, https:\/\/diegolopezpalomo.com\/wp-content\/uploads\/2026\/01\/2otroentierro-768x576.jpg 768w, https:\/\/diegolopezpalomo.com\/wp-content\/uploads\/2026\/01\/2otroentierro-600x450.jpg 600w, https:\/\/diegolopezpalomo.com\/wp-content\/uploads\/2026\/01\/2otroentierro-945x709.jpg 945w, https:\/\/diegolopezpalomo.com\/wp-content\/uploads\/2026\/01\/2otroentierro.jpg 1440w\" sizes=\"auto, (max-width: 1024px) 100vw, 1024px\" \/><\/figure>\n\n\n\n<figure class=\"wp-block-image size-large\"><img loading=\"lazy\" decoding=\"async\" width=\"1024\" height=\"768\" src=\"https:\/\/diegolopezpalomo.com\/wp-content\/uploads\/2026\/01\/3entierro-1024x768.jpg\" alt=\"\" class=\"wp-image-3578\" srcset=\"https:\/\/diegolopezpalomo.com\/wp-content\/uploads\/2026\/01\/3entierro-1024x768.jpg 1024w, https:\/\/diegolopezpalomo.com\/wp-content\/uploads\/2026\/01\/3entierro-300x225.jpg 300w, https:\/\/diegolopezpalomo.com\/wp-content\/uploads\/2026\/01\/3entierro-768x576.jpg 768w, https:\/\/diegolopezpalomo.com\/wp-content\/uploads\/2026\/01\/3entierro-600x450.jpg 600w, https:\/\/diegolopezpalomo.com\/wp-content\/uploads\/2026\/01\/3entierro-945x709.jpg 945w, https:\/\/diegolopezpalomo.com\/wp-content\/uploads\/2026\/01\/3entierro.jpg 1440w\" sizes=\"auto, (max-width: 1024px) 100vw, 1024px\" \/><\/figure>\n\n\n\n<p>Un recorrido lleno de alegr\u00eda y tradici\u00f3n por las calles del casco urbano, donde ni\u00f1os, j\u00f3venes y adultos se unieron para despedir el a\u00f1o que termina y dar la bienvenida al nuevo a\u00f1o con esperanza y uni\u00f3n.<\/p>\n\n\n\n<p>Este evento cont\u00f3 con el respaldo de la Alcald\u00eda Municipal de El Colegio, en cabeza del alcalde @diegolopezspalomo, la Secretar\u00eda de Turismo, Deporte y Cultura, liderada por @pedroacastilloreina, y el valioso acompa\u00f1amiento del Cuerpo Voluntario de Bomberos de El Colegio, quienes garantizaron la seguridad de todos los participantes.<\/p>\n","protected":false},"excerpt":{"rendered":"<p>Un recorrido lleno de alegr\u00eda y tradici\u00f3n por las calles del casco urbano, donde ni\u00f1os, j\u00f3venes y adultos se unieron para despedir el a\u00f1o que termina y dar la bienvenida al nuevo a\u00f1o con esperanza y uni\u00f3n. Este evento cont\u00f3&#8230; <a class=\"more-link\" href=\"https:\/\/diegolopezpalomo.com\/index.php\/2026\/01\/16\/con-el-tradicional-entierro-del-ano-vivido-en-mesitas-de-el-colegio-dimos-cierre-a-la-programacion-del-festival-turistico-cultural-y-reinado-departamental-de-la-luz\/\">Seguir leyendo &rarr;<\/a><\/p>\n","protected":false},"author":1,"featured_media":3579,"comment_status":"closed","ping_status":"closed","sticky":false,"template":"","format":"standard","meta":{"footnotes":""},"categories":[1],"tags":[],"class_list":["post-3575","post","type-post","status-publish","format-standard","has-post-thumbnail","hentry","category-blog"],"aioseo_notices":[],"_links":{"self":[{"href":"https:\/\/diegolopezpalomo.com\/index.php\/wp-json\/wp\/v2\/posts\/3575","targetHints":{"allow":["GET"]}}],"collection":[{"href":"https:\/\/diegolopezpalomo.com\/index.php\/wp-json\/wp\/v2\/posts"}],"about":[{"href":"https:\/\/diegolopezpalomo.com\/index.php\/wp-json\/wp\/v2\/types\/post"}],"author":[{"embeddable":true,"href":"https:\/\/diegolopezpalomo.com\/index.php\/wp-json\/wp\/v2\/users\/1"}],"replies":[{"embeddable":true,"href":"https:\/\/diegolopezpalomo.com\/index.php\/wp-json\/wp\/v2\/comments?post=3575"}],"version-history":[{"count":1,"href":"https:\/\/diegolopezpalomo.com\/index.php\/wp-json\/wp\/v2\/posts\/3575\/revisions"}],"predecessor-version":[{"id":3580,"href":"https:\/\/diegolopezpalomo.com\/index.php\/wp-json\/wp\/v2\/posts\/3575\/revisions\/3580"}],"wp:featuredmedia":[{"embeddable":true,"href":"https:\/\/diegolopezpalomo.com\/index.php\/wp-json\/wp\/v2\/media\/3579"}],"wp:attachment":[{"href":"https:\/\/diegolopezpalomo.com\/index.php\/wp-json\/wp\/v2\/media?parent=3575"}],"wp:term":[{"taxonomy":"category","embeddable":true,"href":"https:\/\/diegolopezpalomo.com\/index.php\/wp-json\/wp\/v2\/categories?post=3575"},{"taxonomy":"post_tag","embeddable":true,"href":"https:\/\/diegolopezpalomo.com\/index.php\/wp-json\/wp\/v2\/tags?post=3575"}],"curies":[{"name":"wp","href":"https:\/\/api.w.org\/{rel}","templated":true}]}}