{"id":3581,"date":"2026-01-16T23:40:13","date_gmt":"2026-01-17T04:40:13","guid":{"rendered":"https:\/\/diegolopezpalomo.com\/?p=3581"},"modified":"2026-01-16T23:45:29","modified_gmt":"2026-01-17T04:45:29","slug":"celebracion-del-dia-del-futbolista-colegiuno","status":"publish","type":"post","link":"https:\/\/diegolopezpalomo.com\/index.php\/2026\/01\/16\/celebracion-del-dia-del-futbolista-colegiuno\/","title":{"rendered":"Celebraci\u00f3n del D\u00eda del Futbolista Colegiuno"},"content":{"rendered":"\n<figure class=\"wp-block-image size-large\"><img loading=\"lazy\" decoding=\"async\" width=\"1024\" height=\"768\" src=\"https:\/\/diegolopezpalomo.com\/wp-content\/uploads\/2026\/01\/3futbool-1024x768.jpg\" alt=\"\" class=\"wp-image-3585\" srcset=\"https:\/\/diegolopezpalomo.com\/wp-content\/uploads\/2026\/01\/3futbool-1024x768.jpg 1024w, https:\/\/diegolopezpalomo.com\/wp-content\/uploads\/2026\/01\/3futbool-300x225.jpg 300w, https:\/\/diegolopezpalomo.com\/wp-content\/uploads\/2026\/01\/3futbool-768x576.jpg 768w, https:\/\/diegolopezpalomo.com\/wp-content\/uploads\/2026\/01\/3futbool-600x450.jpg 600w, https:\/\/diegolopezpalomo.com\/wp-content\/uploads\/2026\/01\/3futbool-945x709.jpg 945w, https:\/\/diegolopezpalomo.com\/wp-content\/uploads\/2026\/01\/3futbool.jpg 1440w\" sizes=\"auto, (max-width: 1024px) 100vw, 1024px\" \/><\/figure>\n\n\n\n<figure class=\"wp-block-image size-large\"><img loading=\"lazy\" decoding=\"async\" width=\"1024\" height=\"768\" src=\"https:\/\/diegolopezpalomo.com\/wp-content\/uploads\/2026\/01\/2futbool-1-1024x768.jpg\" alt=\"\" class=\"wp-image-3587\" srcset=\"https:\/\/diegolopezpalomo.com\/wp-content\/uploads\/2026\/01\/2futbool-1-1024x768.jpg 1024w, https:\/\/diegolopezpalomo.com\/wp-content\/uploads\/2026\/01\/2futbool-1-300x225.jpg 300w, https:\/\/diegolopezpalomo.com\/wp-content\/uploads\/2026\/01\/2futbool-1-768x576.jpg 768w, https:\/\/diegolopezpalomo.com\/wp-content\/uploads\/2026\/01\/2futbool-1-600x450.jpg 600w, https:\/\/diegolopezpalomo.com\/wp-content\/uploads\/2026\/01\/2futbool-1-945x709.jpg 945w, https:\/\/diegolopezpalomo.com\/wp-content\/uploads\/2026\/01\/2futbool-1.jpg 1440w\" sizes=\"auto, (max-width: 1024px) 100vw, 1024px\" \/><\/figure>\n\n\n\n<p>En <a><\/a>la Villa Ol\u00edmpica se vivi\u00f3 la celebraci\u00f3n del D\u00eda del Futbolista Colegiuno, un encuentro donde los amantes del f\u00fatbol se dieron cita para despedir el a\u00f1o practicando el deporte que los apasiona y fortalecer la uni\u00f3n y el compa\u00f1erismo.<\/p>\n\n\n\n<p>Esta jornada cont\u00f3 con el acompa\u00f1amiento de la Alcald\u00eda Municipal de El Colegio, en cabeza del alcalde @diegolopezspalomo, la Secretar\u00eda de Turismo, Deporte y Cultura, liderada por @pedroacastilloreina, y el Coordinador de Deportes, @camilopinilla10, reafirmando el compromiso con el deporte y la recreaci\u00f3n en el municipio.<\/p>\n","protected":false},"excerpt":{"rendered":"<p>En la Villa Ol\u00edmpica se vivi\u00f3 la celebraci\u00f3n del D\u00eda del Futbolista Colegiuno, un encuentro donde los amantes del f\u00fatbol se dieron cita para despedir el a\u00f1o practicando el deporte que los apasiona y fortalecer la uni\u00f3n y el compa\u00f1erismo&#8230;. <a class=\"more-link\" href=\"https:\/\/diegolopezpalomo.com\/index.php\/2026\/01\/16\/celebracion-del-dia-del-futbolista-colegiuno\/\">Seguir leyendo &rarr;<\/a><\/p>\n","protected":false},"author":1,"featured_media":3584,"comment_status":"closed","ping_status":"closed","sticky":false,"template":"","format":"standard","meta":{"footnotes":""},"categories":[1],"tags":[],"class_list":["post-3581","post","type-post","status-publish","format-standard","has-post-thumbnail","hentry","category-blog"],"aioseo_notices":[],"_links":{"self":[{"href":"https:\/\/diegolopezpalomo.com\/index.php\/wp-json\/wp\/v2\/posts\/3581","targetHints":{"allow":["GET"]}}],"collection":[{"href":"https:\/\/diegolopezpalomo.com\/index.php\/wp-json\/wp\/v2\/posts"}],"about":[{"href":"https:\/\/diegolopezpalomo.com\/index.php\/wp-json\/wp\/v2\/types\/post"}],"author":[{"embeddable":true,"href":"https:\/\/diegolopezpalomo.com\/index.php\/wp-json\/wp\/v2\/users\/1"}],"replies":[{"embeddable":true,"href":"https:\/\/diegolopezpalomo.com\/index.php\/wp-json\/wp\/v2\/comments?post=3581"}],"version-history":[{"count":3,"href":"https:\/\/diegolopezpalomo.com\/index.php\/wp-json\/wp\/v2\/posts\/3581\/revisions"}],"predecessor-version":[{"id":3589,"href":"https:\/\/diegolopezpalomo.com\/index.php\/wp-json\/wp\/v2\/posts\/3581\/revisions\/3589"}],"wp:featuredmedia":[{"embeddable":true,"href":"https:\/\/diegolopezpalomo.com\/index.php\/wp-json\/wp\/v2\/media\/3584"}],"wp:attachment":[{"href":"https:\/\/diegolopezpalomo.com\/index.php\/wp-json\/wp\/v2\/media?parent=3581"}],"wp:term":[{"taxonomy":"category","embeddable":true,"href":"https:\/\/diegolopezpalomo.com\/index.php\/wp-json\/wp\/v2\/categories?post=3581"},{"taxonomy":"post_tag","embeddable":true,"href":"https:\/\/diegolopezpalomo.com\/index.php\/wp-json\/wp\/v2\/tags?post=3581"}],"curies":[{"name":"wp","href":"https:\/\/api.w.org\/{rel}","templated":true}]}}