{"id":3590,"date":"2026-01-16T23:58:41","date_gmt":"2026-01-17T04:58:41","guid":{"rendered":"https:\/\/diegolopezpalomo.com\/?p=3590"},"modified":"2026-01-16T23:58:42","modified_gmt":"2026-01-17T04:58:42","slug":"nuestro-alcalde-diegolopezspalomo-extiende-un-cordial-saludo-para-desear-a-toda-la-comunidad-un-feliz-ano-nuevo-2026-ver-video","status":"publish","type":"post","link":"https:\/\/diegolopezpalomo.com\/index.php\/2026\/01\/16\/nuestro-alcalde-diegolopezspalomo-extiende-un-cordial-saludo-para-desear-a-toda-la-comunidad-un-feliz-ano-nuevo-2026-ver-video\/","title":{"rendered":"Nuestro alcalde @diegolopezspalomo extiende un cordial saludo para desear a toda la comunidad un Feliz A\u00f1o Nuevo 2026 (Ver-Video)"},"content":{"rendered":"\n<figure class=\"wp-block-video\"><video height=\"1920\" style=\"aspect-ratio: 1080 \/ 1920;\" width=\"1080\" controls src=\"https:\/\/diegolopezpalomo.com\/wp-content\/uploads\/2026\/01\/97-reactions-\u00b7-8-comments-Nuestro-alcalde-@diegolopezspalomo-extiende-un-cordial-saludo-para-desear-a-toda-la-comunidad-un-Feli-1.mp4\"><\/video><\/figure>\n\n\n\n<p>Cerramos el 2025 como un a\u00f1o de retos y aprendizajes, y damos inicio a un nuevo periodo con gratitud por la vida y con la convicci\u00f3n de seguir trabajando por las metas colectivas.<\/p>\n\n\n\n<p>Este nuevo a\u00f1o comienza con un avance significativo para el pa\u00eds: desde el 1 de enero de 2026 inicia la reducci\u00f3n gradual de las semanas de cotizaci\u00f3n para la pensi\u00f3n de la mujer trabajadora en Colombia, una medida incorporada en la reforma pensional tras el fallo de la Corte Constitucional.<\/p>\n\n\n\n<p>Desde Mesitas continuamos aportando a las transformaciones sociales que requiere Colombia.<\/p>\n\n\n\n<p>Feliz A\u00f1o Nuevo 2026.<\/p>\n","protected":false},"excerpt":{"rendered":"<p>Cerramos el 2025 como un a\u00f1o de retos y aprendizajes, y damos inicio a un nuevo periodo con gratitud por la vida y con la convicci\u00f3n de seguir trabajando por las metas colectivas. Este nuevo a\u00f1o comienza con un avance&#8230; <a class=\"more-link\" href=\"https:\/\/diegolopezpalomo.com\/index.php\/2026\/01\/16\/nuestro-alcalde-diegolopezspalomo-extiende-un-cordial-saludo-para-desear-a-toda-la-comunidad-un-feliz-ano-nuevo-2026-ver-video\/\">Seguir leyendo &rarr;<\/a><\/p>\n","protected":false},"author":1,"featured_media":0,"comment_status":"open","ping_status":"open","sticky":false,"template":"","format":"standard","meta":{"footnotes":""},"categories":[1],"tags":[],"class_list":["post-3590","post","type-post","status-publish","format-standard","hentry","category-blog"],"aioseo_notices":[],"_links":{"self":[{"href":"https:\/\/diegolopezpalomo.com\/index.php\/wp-json\/wp\/v2\/posts\/3590","targetHints":{"allow":["GET"]}}],"collection":[{"href":"https:\/\/diegolopezpalomo.com\/index.php\/wp-json\/wp\/v2\/posts"}],"about":[{"href":"https:\/\/diegolopezpalomo.com\/index.php\/wp-json\/wp\/v2\/types\/post"}],"author":[{"embeddable":true,"href":"https:\/\/diegolopezpalomo.com\/index.php\/wp-json\/wp\/v2\/users\/1"}],"replies":[{"embeddable":true,"href":"https:\/\/diegolopezpalomo.com\/index.php\/wp-json\/wp\/v2\/comments?post=3590"}],"version-history":[{"count":1,"href":"https:\/\/diegolopezpalomo.com\/index.php\/wp-json\/wp\/v2\/posts\/3590\/revisions"}],"predecessor-version":[{"id":3592,"href":"https:\/\/diegolopezpalomo.com\/index.php\/wp-json\/wp\/v2\/posts\/3590\/revisions\/3592"}],"wp:attachment":[{"href":"https:\/\/diegolopezpalomo.com\/index.php\/wp-json\/wp\/v2\/media?parent=3590"}],"wp:term":[{"taxonomy":"category","embeddable":true,"href":"https:\/\/diegolopezpalomo.com\/index.php\/wp-json\/wp\/v2\/categories?post=3590"},{"taxonomy":"post_tag","embeddable":true,"href":"https:\/\/diegolopezpalomo.com\/index.php\/wp-json\/wp\/v2\/tags?post=3590"}],"curies":[{"name":"wp","href":"https:\/\/api.w.org\/{rel}","templated":true}]}}