{"id":3618,"date":"2026-01-23T10:18:54","date_gmt":"2026-01-23T15:18:54","guid":{"rendered":"https:\/\/diegolopezpalomo.com\/?p=3618"},"modified":"2026-01-23T10:18:54","modified_gmt":"2026-01-23T15:18:54","slug":"primera-jornada-nacional-de-vacunacion","status":"publish","type":"post","link":"https:\/\/diegolopezpalomo.com\/index.php\/2026\/01\/23\/primera-jornada-nacional-de-vacunacion\/","title":{"rendered":"Primera Jornada Nacional de Vacunaci\u00f3n"},"content":{"rendered":"\n<p>Este s\u00e1bado 24 de enero, de 8:00 a. m. a 4:00 p. m., invitamos a toda la comunidad de El Colegio a participar en la Primera Jornada Nacional de Vacunaci\u00f3n, una iniciativa que busca cuidar la salud de nuestras familias.<\/p>\n\n\n\n<p>Desde la Administraci\u00f3n Municipal, en cabeza del alcalde @diegolopezspalomo y con el acompa\u00f1amiento de la Secretar\u00eda de Desarrollo Social, liderada por @nataliamorenocontreras seguimos promoviendo la prevenci\u00f3n y el acceso a la vacunaci\u00f3n para todos.<\/p>\n\n\n\n<p>La jornada est\u00e1 dirigida a gestantes, ni\u00f1os y ni\u00f1as de 0 a 5 a\u00f1os, actualizaci\u00f3n del esquema regular de vacunaci\u00f3n, triple viral para ni\u00f1os de 4 a\u00f1os y vacuna contra la influenza para mayores de 50 a\u00f1os.<\/p>\n\n\n\n<p><img loading=\"lazy\" decoding=\"async\" height=\"16\" width=\"16\" alt=\"\ud83d\udccd\" src=\"https:\/\/static.xx.fbcdn.net\/images\/emoji.php\/v9\/t2d\/1\/16\/1f4cd.png\"> Estaremos en la E.S.E. Hospital Nuestra Se\u00f1ora del Carmen y en los puestos de salud de La Victoria, Pradilla y El Triunfo.<\/p>\n\n\n\n<p>Cuidarnos es responsabilidad de todos. \u00a1Los esperamos!<\/p>\n","protected":false},"excerpt":{"rendered":"<p>Este s\u00e1bado 24 de enero, de 8:00 a. m. a 4:00 p. m., invitamos a toda la comunidad de El Colegio a participar en la Primera Jornada Nacional de Vacunaci\u00f3n, una iniciativa que busca cuidar la salud de nuestras familias&#8230;. <a class=\"more-link\" href=\"https:\/\/diegolopezpalomo.com\/index.php\/2026\/01\/23\/primera-jornada-nacional-de-vacunacion\/\">Seguir leyendo &rarr;<\/a><\/p>\n","protected":false},"author":1,"featured_media":3619,"comment_status":"closed","ping_status":"closed","sticky":false,"template":"","format":"standard","meta":{"footnotes":""},"categories":[1],"tags":[],"class_list":["post-3618","post","type-post","status-publish","format-standard","has-post-thumbnail","hentry","category-blog"],"aioseo_notices":[],"_links":{"self":[{"href":"https:\/\/diegolopezpalomo.com\/index.php\/wp-json\/wp\/v2\/posts\/3618","targetHints":{"allow":["GET"]}}],"collection":[{"href":"https:\/\/diegolopezpalomo.com\/index.php\/wp-json\/wp\/v2\/posts"}],"about":[{"href":"https:\/\/diegolopezpalomo.com\/index.php\/wp-json\/wp\/v2\/types\/post"}],"author":[{"embeddable":true,"href":"https:\/\/diegolopezpalomo.com\/index.php\/wp-json\/wp\/v2\/users\/1"}],"replies":[{"embeddable":true,"href":"https:\/\/diegolopezpalomo.com\/index.php\/wp-json\/wp\/v2\/comments?post=3618"}],"version-history":[{"count":1,"href":"https:\/\/diegolopezpalomo.com\/index.php\/wp-json\/wp\/v2\/posts\/3618\/revisions"}],"predecessor-version":[{"id":3620,"href":"https:\/\/diegolopezpalomo.com\/index.php\/wp-json\/wp\/v2\/posts\/3618\/revisions\/3620"}],"wp:featuredmedia":[{"embeddable":true,"href":"https:\/\/diegolopezpalomo.com\/index.php\/wp-json\/wp\/v2\/media\/3619"}],"wp:attachment":[{"href":"https:\/\/diegolopezpalomo.com\/index.php\/wp-json\/wp\/v2\/media?parent=3618"}],"wp:term":[{"taxonomy":"category","embeddable":true,"href":"https:\/\/diegolopezpalomo.com\/index.php\/wp-json\/wp\/v2\/categories?post=3618"},{"taxonomy":"post_tag","embeddable":true,"href":"https:\/\/diegolopezpalomo.com\/index.php\/wp-json\/wp\/v2\/tags?post=3618"}],"curies":[{"name":"wp","href":"https:\/\/api.w.org\/{rel}","templated":true}]}}