{"id":3621,"date":"2026-01-23T10:22:10","date_gmt":"2026-01-23T15:22:10","guid":{"rendered":"https:\/\/diegolopezpalomo.com\/?p=3621"},"modified":"2026-01-23T10:22:11","modified_gmt":"2026-01-23T15:22:11","slug":"informacion-importante-renta-joven","status":"publish","type":"post","link":"https:\/\/diegolopezpalomo.com\/index.php\/2026\/01\/23\/informacion-importante-renta-joven\/","title":{"rendered":"Informaci\u00f3n importante \u2013 Renta Joven"},"content":{"rendered":"\n<p>Desde la Administraci\u00f3n Municipal, bajo el liderazgo de nuestro alcalde @diegolopezspalomo y a trav\u00e9s de la Secretar\u00eda de Desarrollo Social, liderada por @nataliamorenocontreras , informamos a los beneficiarios de Renta Joven sobre la redisposici\u00f3n de los pagos reversados del Ciclo 5 de 2025, por condiciones ajenas a Prosperidad Social.<\/p>\n\n\n\n<p><img loading=\"lazy\" decoding=\"async\" height=\"16\" width=\"16\" alt=\"\ud83d\udcc5\" src=\"https:\/\/static.xx.fbcdn.net\/images\/emoji.php\/v9\/t7e\/1\/16\/1f4c5.png\"> Fechas de dispersi\u00f3n:<\/p>\n\n\n\n<p>Grupo 1<\/p>\n\n\n\n<p><img loading=\"lazy\" decoding=\"async\" height=\"16\" width=\"16\" alt=\"\ud83d\uddd3\ufe0f\" src=\"https:\/\/static.xx.fbcdn.net\/images\/emoji.php\/v9\/t5c\/1\/16\/1f5d3.png\"> 22 de enero de 2026<\/p>\n\n\n\n<p>C\u00e9dulas terminadas en 1, 2, 3, 4, 5 y 6<\/p>\n\n\n\n<p>Grupo 2<\/p>\n\n\n\n<p><img loading=\"lazy\" decoding=\"async\" height=\"16\" width=\"16\" alt=\"\ud83d\uddd3\ufe0f\" src=\"https:\/\/static.xx.fbcdn.net\/images\/emoji.php\/v9\/t5c\/1\/16\/1f5d3.png\"> 22 de enero de 2026<\/p>\n\n\n\n<p>C\u00e9dulas terminadas en 7, 8, 9 y 0<\/p>\n\n\n\n<p><img loading=\"lazy\" decoding=\"async\" height=\"16\" width=\"16\" alt=\"\ud83d\udc49\" src=\"https:\/\/static.xx.fbcdn.net\/images\/emoji.php\/v9\/t51\/1\/16\/1f449.png\"> La fecha de abono para este grupo ser\u00e1 informada oportunamente por los canales oficiales.<\/p>\n\n\n\n<p><img loading=\"lazy\" decoding=\"async\" height=\"16\" width=\"16\" alt=\"\ud83d\udccc\" src=\"https:\/\/static.xx.fbcdn.net\/images\/emoji.php\/v9\/tac\/1\/16\/1f4cc.png\"> Invitamos a estar atentos a la informaci\u00f3n oficial.<\/p>\n","protected":false},"excerpt":{"rendered":"<p>Desde la Administraci\u00f3n Municipal, bajo el liderazgo de nuestro alcalde @diegolopezspalomo y a trav\u00e9s de la Secretar\u00eda de Desarrollo Social, liderada por @nataliamorenocontreras , informamos a los beneficiarios de Renta Joven sobre la redisposici\u00f3n de los pagos reversados del Ciclo&#8230; <a class=\"more-link\" href=\"https:\/\/diegolopezpalomo.com\/index.php\/2026\/01\/23\/informacion-importante-renta-joven\/\">Seguir leyendo &rarr;<\/a><\/p>\n","protected":false},"author":1,"featured_media":3622,"comment_status":"closed","ping_status":"closed","sticky":false,"template":"","format":"standard","meta":{"footnotes":""},"categories":[1],"tags":[],"class_list":["post-3621","post","type-post","status-publish","format-standard","has-post-thumbnail","hentry","category-blog"],"aioseo_notices":[],"_links":{"self":[{"href":"https:\/\/diegolopezpalomo.com\/index.php\/wp-json\/wp\/v2\/posts\/3621","targetHints":{"allow":["GET"]}}],"collection":[{"href":"https:\/\/diegolopezpalomo.com\/index.php\/wp-json\/wp\/v2\/posts"}],"about":[{"href":"https:\/\/diegolopezpalomo.com\/index.php\/wp-json\/wp\/v2\/types\/post"}],"author":[{"embeddable":true,"href":"https:\/\/diegolopezpalomo.com\/index.php\/wp-json\/wp\/v2\/users\/1"}],"replies":[{"embeddable":true,"href":"https:\/\/diegolopezpalomo.com\/index.php\/wp-json\/wp\/v2\/comments?post=3621"}],"version-history":[{"count":1,"href":"https:\/\/diegolopezpalomo.com\/index.php\/wp-json\/wp\/v2\/posts\/3621\/revisions"}],"predecessor-version":[{"id":3623,"href":"https:\/\/diegolopezpalomo.com\/index.php\/wp-json\/wp\/v2\/posts\/3621\/revisions\/3623"}],"wp:featuredmedia":[{"embeddable":true,"href":"https:\/\/diegolopezpalomo.com\/index.php\/wp-json\/wp\/v2\/media\/3622"}],"wp:attachment":[{"href":"https:\/\/diegolopezpalomo.com\/index.php\/wp-json\/wp\/v2\/media?parent=3621"}],"wp:term":[{"taxonomy":"category","embeddable":true,"href":"https:\/\/diegolopezpalomo.com\/index.php\/wp-json\/wp\/v2\/categories?post=3621"},{"taxonomy":"post_tag","embeddable":true,"href":"https:\/\/diegolopezpalomo.com\/index.php\/wp-json\/wp\/v2\/tags?post=3621"}],"curies":[{"name":"wp","href":"https:\/\/api.w.org\/{rel}","templated":true}]}}