{"id":4165,"date":"2026-09-03T16:52:20","date_gmt":"2026-09-03T21:52:20","guid":{"rendered":"https:\/\/diegolopezpalomo.com\/?p=4165"},"modified":"2026-09-03T16:52:22","modified_gmt":"2026-09-03T21:52:22","slug":"la-salud-llega-mas-cerca-de-nuestra-comunidad","status":"publish","type":"post","link":"https:\/\/diegolopezpalomo.com\/index.php\/2026\/09\/03\/la-salud-llega-mas-cerca-de-nuestra-comunidad\/","title":{"rendered":"\u00a1La salud llega m\u00e1s cerca de nuestra comunidad!"},"content":{"rendered":"\n<p class=\"wp-block-paragraph\">La Administraci\u00f3n Municipal, liderada por el alcalde <a href=\"https:\/\/www.facebook.com\/diegolopezspalomo?__cft__[0]=AZh06MZEsihTeN-JPMx5eO49vFQabzl2sTpmxxWLYPYH-Wo8-ytpEIj8d4uOjMaq9U4bsFU7Soitdycd3b9vM_hHjQpxwjzFYp6eAlricfx5Gh2YRVOP4HR2fZCMlGasi7TWU5ILouebHoa32QIhY0yMOvJZOjitjhCFKSx5MfoJMNUpVkqfhIs2AHE&amp;__tn__=-UK-R\">Diego Andres Lopez Suarez<\/a> la Secretar\u00eda de Desarrollo Social, en cabeza de <a href=\"https:\/\/www.facebook.com\/gissela.a.novoa?__cft__[0]=AZh06MZEsihTeN-JPMx5eO49vFQabzl2sTpmxxWLYPYH-Wo8-ytpEIj8d4uOjMaq9U4bsFU7Soitdycd3b9vM_hHjQpxwjzFYp6eAlricfx5Gh2YRVOP4HR2fZCMlGasi7TWU5ILouebHoa32QIhY0yMOvJZOjitjhCFKSx5MfoJMNUpVkqfhIs2AHE&amp;__tn__=-]K-R\">Gissela Arias Novoa<\/a> y en articulaci\u00f3n con el <a href=\"https:\/\/www.instagram.com\/_u\/hospitalnscelcolegio?fbclid=IwcGRvZgVleHRuA2FlbQIxMABicmlkETFhWXZxMzFSYXVsc0U3Z2xNc3J0YwZhcHBfaWQQMjIyMDM5MTc4ODIwMDg5MgABHkbUqd5f2M8pVSbJu-lJeoS90oVU7JACJ_aIs75kHsjO-kzhmGZtsnaJSoom_aem_evBy4Rbgtb0Lv3Sw1AkQaw\" rel=\"noopener\" target=\"_blank\">ESE Hospital Nuestra Se\u00f1ora Del Carmen<\/a> invitan a todos los habitantes de la Inspecci\u00f3n La Victoria a participar en esta gran Jornada de Salud.<\/p>\n\n\n\n<p class=\"wp-block-paragraph\"><img loading=\"lazy\" decoding=\"async\" height=\"16\" width=\"16\" alt=\"\ud83d\uddd3\ufe0f\" src=\"https:\/\/static.xx.fbcdn.net\/images\/emoji.php\/v9\/t5c\/1\/16\/1f5d3.png\"> 14 de agosto<\/p>\n\n\n\n<p class=\"wp-block-paragraph\"><img loading=\"lazy\" decoding=\"async\" height=\"16\" width=\"16\" alt=\"\ud83d\udd57\" src=\"https:\/\/static.xx.fbcdn.net\/images\/emoji.php\/v9\/t2f\/1\/16\/1f557.png\"> De 8:00 a. m. a 1:00 p. m.<\/p>\n\n\n\n<p class=\"wp-block-paragraph\"><img loading=\"lazy\" decoding=\"async\" height=\"16\" width=\"16\" alt=\"\ud83d\udccd\" src=\"https:\/\/static.xx.fbcdn.net\/images\/emoji.php\/v9\/t2d\/1\/16\/1f4cd.png\">Puesto de salud de la Victoria<\/p>\n\n\n\n<p class=\"wp-block-paragraph\">Durante la jornada estar\u00e1n disponibles los siguientes servicios: <img loading=\"lazy\" decoding=\"async\" height=\"16\" width=\"16\" alt=\"\ud83e\ude7a\" src=\"https:\/\/static.xx.fbcdn.net\/images\/emoji.php\/v9\/tc3\/1\/16\/1fa7a.png\"> M\u00e9dico general <img loading=\"lazy\" decoding=\"async\" height=\"16\" width=\"16\" alt=\"\ud83e\uddb7\" src=\"https:\/\/static.xx.fbcdn.net\/images\/emoji.php\/v9\/t26\/1\/16\/1f9b7.png\"> Salud oral <img loading=\"lazy\" decoding=\"async\" height=\"16\" width=\"16\" alt=\"\ud83d\udc89\" src=\"https:\/\/static.xx.fbcdn.net\/images\/emoji.php\/v9\/tcd\/1\/16\/1f489.png\"> Vacunaci\u00f3n <img loading=\"lazy\" decoding=\"async\" height=\"16\" width=\"16\" alt=\"\ud83d\udc68\u200d\ud83d\udc69\u200d\ud83d\udc67\" src=\"https:\/\/static.xx.fbcdn.net\/images\/emoji.php\/v9\/t4c\/1\/16\/1f468_200d_1f469_200d_1f467.png\"> Planificaci\u00f3n familiar <img loading=\"lazy\" decoding=\"async\" height=\"16\" width=\"16\" alt=\"\ud83d\udc76\" src=\"https:\/\/static.xx.fbcdn.net\/images\/emoji.php\/v9\/tab\/1\/16\/1f476.png\"> Crecimiento y desarrollo \/ Consulta Joven <img loading=\"lazy\" decoding=\"async\" height=\"16\" width=\"16\" alt=\"\ud83d\udccb\" src=\"https:\/\/static.xx.fbcdn.net\/images\/emoji.php\/v9\/t2b\/1\/16\/1f4cb.png\"> SISB\u00c9N <img loading=\"lazy\" decoding=\"async\" height=\"16\" width=\"16\" alt=\"\ud83d\udc74\" src=\"https:\/\/static.xx.fbcdn.net\/images\/emoji.php\/v9\/ta9\/1\/16\/1f474.png\"> Adulto Mayor <img loading=\"lazy\" decoding=\"async\" height=\"16\" width=\"16\" alt=\"\ud83d\udc99\" src=\"https:\/\/static.xx.fbcdn.net\/images\/emoji.php\/v9\/t6c\/1\/16\/1f499.png\"> Renta Ciudadana<\/p>\n\n\n\n<p class=\"wp-block-paragraph\">\u00a1Los esperamos para seguir acercando servicios de salud y atenci\u00f3n integral a nuestra comunidad, promoviendo el bienestar y la calidad de vida de las familias colegiunas!<\/p>\n","protected":false},"excerpt":{"rendered":"<p>La Administraci\u00f3n Municipal, liderada por el alcalde Diego Andres Lopez Suarez la Secretar\u00eda de Desarrollo Social, en cabeza de Gissela Arias Novoa y en articulaci\u00f3n con el ESE Hospital Nuestra Se\u00f1ora Del Carmen invitan a todos los habitantes de la&#8230; <a class=\"more-link\" href=\"https:\/\/diegolopezpalomo.com\/index.php\/2026\/09\/03\/la-salud-llega-mas-cerca-de-nuestra-comunidad\/\">Seguir leyendo &rarr;<\/a><\/p>\n","protected":false},"author":1,"featured_media":4166,"comment_status":"closed","ping_status":"closed","sticky":false,"template":"","format":"standard","meta":{"footnotes":""},"categories":[1],"tags":[],"class_list":["post-4165","post","type-post","status-publish","format-standard","has-post-thumbnail","hentry","category-blog"],"aioseo_notices":[],"_links":{"self":[{"href":"https:\/\/diegolopezpalomo.com\/index.php\/wp-json\/wp\/v2\/posts\/4165","targetHints":{"allow":["GET"]}}],"collection":[{"href":"https:\/\/diegolopezpalomo.com\/index.php\/wp-json\/wp\/v2\/posts"}],"about":[{"href":"https:\/\/diegolopezpalomo.com\/index.php\/wp-json\/wp\/v2\/types\/post"}],"author":[{"embeddable":true,"href":"https:\/\/diegolopezpalomo.com\/index.php\/wp-json\/wp\/v2\/users\/1"}],"replies":[{"embeddable":true,"href":"https:\/\/diegolopezpalomo.com\/index.php\/wp-json\/wp\/v2\/comments?post=4165"}],"version-history":[{"count":1,"href":"https:\/\/diegolopezpalomo.com\/index.php\/wp-json\/wp\/v2\/posts\/4165\/revisions"}],"predecessor-version":[{"id":4167,"href":"https:\/\/diegolopezpalomo.com\/index.php\/wp-json\/wp\/v2\/posts\/4165\/revisions\/4167"}],"wp:featuredmedia":[{"embeddable":true,"href":"https:\/\/diegolopezpalomo.com\/index.php\/wp-json\/wp\/v2\/media\/4166"}],"wp:attachment":[{"href":"https:\/\/diegolopezpalomo.com\/index.php\/wp-json\/wp\/v2\/media?parent=4165"}],"wp:term":[{"taxonomy":"category","embeddable":true,"href":"https:\/\/diegolopezpalomo.com\/index.php\/wp-json\/wp\/v2\/categories?post=4165"},{"taxonomy":"post_tag","embeddable":true,"href":"https:\/\/diegolopezpalomo.com\/index.php\/wp-json\/wp\/v2\/tags?post=4165"}],"curies":[{"name":"wp","href":"https:\/\/api.w.org\/{rel}","templated":true}]}}