{"id":4168,"date":"2026-09-03T17:24:21","date_gmt":"2026-09-03T22:24:21","guid":{"rendered":"https:\/\/diegolopezpalomo.com\/?p=4168"},"modified":"2026-09-03T17:24:23","modified_gmt":"2026-09-03T22:24:23","slug":"maraton-de-inauguraciones-2","status":"publish","type":"post","link":"https:\/\/diegolopezpalomo.com\/index.php\/2026\/09\/03\/maraton-de-inauguraciones-2\/","title":{"rendered":"Marat\u00f3n de Inauguraciones"},"content":{"rendered":"\n<p class=\"wp-block-paragraph\">(Ver-Video) Seguimos nuestro recorrido y, a esta hora, llegamos a la vereda Brasil para inaugurar una nueva placa huella que transforma la movilidad de la comunidad.<\/p>\n\n\n\n<p class=\"wp-block-paragraph\">Junto a nuestro vicepresidente del Concejo, <a href=\"https:\/\/www.facebook.com\/pachinos532?__cft__[0]=AZjhHxc3bRjRjo7Yd96Mb7Cio4SVMOvfpDikkxlcYjravN-nnlZtO8vME_p0Zr0HTKSl1nBiFOLp3rtgQ3tGMTqeKhDs7CVrmFCsF_9S3xEtXLXcZP1bRTisYo-1BBsr-44Hw5yHorzRKXeqkp2h3ha8J6XEoRDn7Bx19Pf-WrhoHFqxdzNQaK5flhqXKlA-PUcSZ9k&amp;__tn__=-UK-R\">Andres David Fern\u00e1ndez Guevara<\/a> , y el presidente del Concejo, <a href=\"https:\/\/www.facebook.com\/jhoonfernando.bedoyaenciso.5?__cft__[0]=AZjhHxc3bRjRjo7Yd96Mb7Cio4SVMOvfpDikkxlcYjravN-nnlZtO8vME_p0Zr0HTKSl1nBiFOLp3rtgQ3tGMTqeKhDs7CVrmFCsF_9S3xEtXLXcZP1bRTisYo-1BBsr-44Hw5yHorzRKXeqkp2h3ha8J6XEoRDn7Bx19Pf-WrhoHFqxdzNQaK5flhqXKlA-PUcSZ9k&amp;__tn__=-UK-R\">Jhoon Fernando Bedoya Enciso<\/a> , entregamos esta importante obra que pone fin a uno de los puntos m\u00e1s cr\u00edticos de la vereda, donde los veh\u00edculos patinaban y se dificultaba el tr\u00e1nsito, especialmente en temporada de lluvias.<\/p>\n\n\n\n<p class=\"wp-block-paragraph\">Hoy este problema queda en el pasado gracias al compromiso de nuestro alcalde <a href=\"https:\/\/www.facebook.com\/diegolopezspalomo?__cft__[0]=AZjhHxc3bRjRjo7Yd96Mb7Cio4SVMOvfpDikkxlcYjravN-nnlZtO8vME_p0Zr0HTKSl1nBiFOLp3rtgQ3tGMTqeKhDs7CVrmFCsF_9S3xEtXLXcZP1bRTisYo-1BBsr-44Hw5yHorzRKXeqkp2h3ha8J6XEoRDn7Bx19Pf-WrhoHFqxdzNQaK5flhqXKlA-PUcSZ9k&amp;__tn__=-UK-R\">Diego Andres Lopez Suarez<\/a> , nuestro secretario de Planeaci\u00f3n <a href=\"https:\/\/l.facebook.com\/l.php?u=https%3A%2F%2Fwww.instagram.com%2F_u%2Fjherson_05%3Ffbclid%3DIwcGRvZgVleHRuA2FlbQIxMABicmlkETFhWXZxMzFSYXVsc0U3Z2xNc3J0YwZhcHBfaWQQMjIyMDM5MTc4ODIwMDg5MgABHuuvp4242EzxojNJHrcysPnZkjFZV0JJf6qz4Jm8Mfrl7kv3nMlJfvNqlRi4_aem_RK-zwdsZlWN7BqkV7AwwRA&amp;h=AUCCddDNnej6z4jJCs6GmDLBEHCBmmdEJPXzivN1vfH7s511eJywkcZpYCO9S_dVAxQUobb6krmY_EoFOSdGCASNdVHV7YQX0PfJa0qFLmrHXWHtGmG15vpelA7M2YgUrQ&amp;__tn__=-UK-R&amp;c[0]=AUDdvrcn2n8iHCtVvaPf42Rjeg0Wv6gQZpp0QY2AGdayIf8dKItZfdMMxwXw0ZaTx5VQZFIaAH8gNV0zElgOQgIXpyrZBD0c_rZkWjxYd_XEhhEw2oReCeWAKmrulPtiy-L4E9mWBBMO-f4_2O_MT6nYWEo4bEONzZZ57vKF17jzJxqsGEo1FIAE5iBGwrqrUyFIgzrIDeqe5ZsdKNmZPnH-pREKoMlaB44cMA\" rel=\"noopener\" target=\"_blank\">Jherson Ni\u00f1o<\/a> y el trabajo conjunto con la comunidad.<\/p>\n\n\n\n<p class=\"wp-block-paragraph\">\u00a1Una obra m\u00e1s que mejora la calidad de vida de nuestros campesinos!<\/p>\n\n\n\n<figure class=\"wp-block-video\"><video height=\"1920\" style=\"aspect-ratio: 1080 \/ 1920;\" width=\"1080\" controls src=\"https:\/\/diegolopezpalomo.com\/wp-content\/uploads\/2026\/09\/38-reactions-\u00b7-4-comments-\uff5c-Obra-3\u29f8100-\uff5c-Maraton-de-Inauguraciones-\ud83d\udea7-Seguimos-nu.mp4\"><\/video><\/figure>\n","protected":false},"excerpt":{"rendered":"<p>(Ver-Video) Seguimos nuestro recorrido y, a esta hora, llegamos a la vereda Brasil para inaugurar una nueva placa huella que transforma la movilidad de la comunidad. Junto a nuestro vicepresidente del Concejo, Andres David Fern\u00e1ndez Guevara , y el presidente&#8230; <a class=\"more-link\" href=\"https:\/\/diegolopezpalomo.com\/index.php\/2026\/09\/03\/maraton-de-inauguraciones-2\/\">Seguir leyendo &rarr;<\/a><\/p>\n","protected":false},"author":1,"featured_media":4169,"comment_status":"open","ping_status":"open","sticky":false,"template":"","format":"standard","meta":{"footnotes":""},"categories":[1],"tags":[],"class_list":["post-4168","post","type-post","status-publish","format-standard","has-post-thumbnail","hentry","category-blog"],"aioseo_notices":[],"_links":{"self":[{"href":"https:\/\/diegolopezpalomo.com\/index.php\/wp-json\/wp\/v2\/posts\/4168","targetHints":{"allow":["GET"]}}],"collection":[{"href":"https:\/\/diegolopezpalomo.com\/index.php\/wp-json\/wp\/v2\/posts"}],"about":[{"href":"https:\/\/diegolopezpalomo.com\/index.php\/wp-json\/wp\/v2\/types\/post"}],"author":[{"embeddable":true,"href":"https:\/\/diegolopezpalomo.com\/index.php\/wp-json\/wp\/v2\/users\/1"}],"replies":[{"embeddable":true,"href":"https:\/\/diegolopezpalomo.com\/index.php\/wp-json\/wp\/v2\/comments?post=4168"}],"version-history":[{"count":1,"href":"https:\/\/diegolopezpalomo.com\/index.php\/wp-json\/wp\/v2\/posts\/4168\/revisions"}],"predecessor-version":[{"id":4171,"href":"https:\/\/diegolopezpalomo.com\/index.php\/wp-json\/wp\/v2\/posts\/4168\/revisions\/4171"}],"wp:featuredmedia":[{"embeddable":true,"href":"https:\/\/diegolopezpalomo.com\/index.php\/wp-json\/wp\/v2\/media\/4169"}],"wp:attachment":[{"href":"https:\/\/diegolopezpalomo.com\/index.php\/wp-json\/wp\/v2\/media?parent=4168"}],"wp:term":[{"taxonomy":"category","embeddable":true,"href":"https:\/\/diegolopezpalomo.com\/index.php\/wp-json\/wp\/v2\/categories?post=4168"},{"taxonomy":"post_tag","embeddable":true,"href":"https:\/\/diegolopezpalomo.com\/index.php\/wp-json\/wp\/v2\/tags?post=4168"}],"curies":[{"name":"wp","href":"https:\/\/api.w.org\/{rel}","templated":true}]}}